{"id":169356,"date":"2017-11-08T21:53:46","date_gmt":"2017-11-08T20:53:46","guid":{"rendered":"http:\/\/www.fuldaer-nachrichten.de\/?p=169356"},"modified":"2017-11-08T21:53:46","modified_gmt":"2017-11-08T20:53:46","slug":"workshop-sprachfoerderung-ohne-zeitaufwand-in-der-muetze-2","status":"publish","type":"post","link":"https:\/\/www.fuldaernachrichten.de\/?p=169356","title":{"rendered":"Workshop \u201eSprachf\u00f6rderung ohne Zeitaufwand\u201c in Der M\u00dcTZE"},"content":{"rendered":"<p>Das M\u00fctterzentrum \u201eDie M\u00dcTZE\u201c, Gallasiniring 8, in Fulda bietet am Samstag, 18.11.17 in der Zeit von 9.30 \u2013 11.30 Uhr einen Workshop zum Thema: \u201eSprachf\u00f6rderung ohne Zeitaufwand \u2013 Wie unterst\u00fctze ich die Sprachentwicklung meines Kindes im Alltag? &#8211;  an. Sprache ist ein wichtiger Teil unseres Lebens, um in sozialen, schulischen und beruflichen Bereichen erfolgreich zu sein. In diesem Workshop lernen die Kursteilnehmer\/Innen die wichtigsten Sprachentwicklungsschritte kennen und erfahren, wie sie dem Alter ihres Kindes entsprechend positiv darauf Einfluss nehmen k\u00f6nnen. F\u00f6rdern Sie die Sprache des Kindes m\u00fchelos im Alltag w\u00e4hrend des Anziehens, Fr\u00fchst\u00fcckens oder der Autofahrt! Altersangabe: Ab Geburt. Bei Bedarf wird Kinderbetreuung angeboten. Eine Anmeldung bis zum 10.11.17 ist erforderlich unter Tel. 0661\/8050, Mo. \u2013 Fr. in der Zeit von 9.00 \u2013 13.00 Uhr.<\/p>\n","protected":false},"excerpt":{"rendered":"<div class=\"tmnf_excerpt\"><p>Das M\u00fctterzentrum \u201eDie M\u00dcTZE\u201c, Gallasiniring 8, in Fulda bietet am Samstag, 18.11.17 in der Zeit von 9.30 \u2013 11.30 Uhr einen Workshop zum Thema: \u201eSprachf\u00f6rderung ohne Zeitaufwand \u2013 Wie unterst\u00fctze ich die Sprachentwicklung meines Kindes im Alltag? &#8211; an. Sprache ist ein wichtiger Teil unseres Lebens, um in sozialen, schulischen und beruflichen Bereichen erfolgreich zu &hellip;<\/p>\n<\/div>","protected":false},"author":1,"featured_media":0,"comment_status":"closed","ping_status":"closed","sticky":false,"template":"","format":"standard","meta":{"footnotes":""},"categories":[1],"tags":[],"class_list":["post-169356","post","type-post","status-publish","format-standard","hentry","category-startseite"],"_links":{"self":[{"href":"https:\/\/www.fuldaernachrichten.de\/index.php?rest_route=\/wp\/v2\/posts\/169356","targetHints":{"allow":["GET"]}}],"collection":[{"href":"https:\/\/www.fuldaernachrichten.de\/index.php?rest_route=\/wp\/v2\/posts"}],"about":[{"href":"https:\/\/www.fuldaernachrichten.de\/index.php?rest_route=\/wp\/v2\/types\/post"}],"author":[{"embeddable":true,"href":"https:\/\/www.fuldaernachrichten.de\/index.php?rest_route=\/wp\/v2\/users\/1"}],"replies":[{"embeddable":true,"href":"https:\/\/www.fuldaernachrichten.de\/index.php?rest_route=%2Fwp%2Fv2%2Fcomments&post=169356"}],"version-history":[{"count":1,"href":"https:\/\/www.fuldaernachrichten.de\/index.php?rest_route=\/wp\/v2\/posts\/169356\/revisions"}],"predecessor-version":[{"id":169362,"href":"https:\/\/www.fuldaernachrichten.de\/index.php?rest_route=\/wp\/v2\/posts\/169356\/revisions\/169362"}],"wp:attachment":[{"href":"https:\/\/www.fuldaernachrichten.de\/index.php?rest_route=%2Fwp%2Fv2%2Fmedia&parent=169356"}],"wp:term":[{"taxonomy":"category","embeddable":true,"href":"https:\/\/www.fuldaernachrichten.de\/index.php?rest_route=%2Fwp%2Fv2%2Fcategories&post=169356"},{"taxonomy":"post_tag","embeddable":true,"href":"https:\/\/www.fuldaernachrichten.de\/index.php?rest_route=%2Fwp%2Fv2%2Ftags&post=169356"}],"curies":[{"name":"wp","href":"https:\/\/api.w.org\/{rel}","templated":true}]}}