{"id":169343,"date":"2017-11-08T21:50:20","date_gmt":"2017-11-08T20:50:20","guid":{"rendered":"http:\/\/www.fuldaer-nachrichten.de\/?p=169343"},"modified":"2017-11-08T21:50:20","modified_gmt":"2017-11-08T20:50:20","slug":"eine-gelungene-verbindung-von-wallfahrt-und-urlaub-pilgerfahrt-nach-malta-auf-den-spuren-des-apostels-paulus-fuer-junge-maenner","status":"publish","type":"post","link":"https:\/\/www.fuldaernachrichten.de\/?p=169343","title":{"rendered":"\u201eEine gelungene Verbindung von Wallfahrt und Urlaub\u201c Pilgerfahrt nach Malta auf den Spuren des Apostels Paulus f\u00fcr junge M\u00e4nner"},"content":{"rendered":"<p>Acht junge M\u00e4nner aus Petersberg, Kalbach, Bad Soden-Salm\u00fcnster und Bad Orb waren f\u00fcr eine Woche auf den Spuren des heiligen Paulus in Malta unterwegs. Der V\u00f6lkerapostel strandete dem Bericht der Apostelgeschichte nach auf seine Reise als r\u00f6mischer Gefangener von Jerusalem nach Rom um das Jahr 60 auf der Mittelmeerinsel. W\u00e4hrend seines dreimonatigen Aufenthaltes verk\u00fcndete er auch auf Malta den christlichen Glauben und gewann den r\u00f6mischen Stadthalter Publius f\u00fcr das Christentum. Damit wuchsen in Malta schon in dieser fr\u00fchen Zeit der Kirche christliche Gemeinden heran, noch lange bevor das Christentum r\u00f6mische Staatsreligion wurde.<\/p>\n<p>Die jungen Wallfahrer besuchten die Orte mit den fr\u00fchen Zeugnissen dieser Geschichte. Unter der Leitung von Schulpfarrer Sebastian Bieber und dem Referenten f\u00fcr Sch\u00fclerseelsorge im Bistum Fulda, Sebastian Pilz, beteten sie in der Paulusgrotte, wo Paulus auf Malta gefangengehalten wurde, oder besuchten die Kathedrale in Mdina, wo vorher der Amtssitz des r\u00f6mischen Statthalters Publius gestanden hatte. Zudem waren die beeindruckende Kon-Kathedrale in Valletta, die gro\u00dfe Kuppelkirche in Mostar sowie die Kirche in der Saint-Pauls-Bay, wo das Schiff anlandete, und die Kathedrale in Victoria auf Gozo Stationen der Reise. Zus\u00e4tzlich vertieften t\u00e4gliche Betrachtung und heilige Messe sowie ein Gebetsabend mit Anbetung und M\u00f6glichkeit zur Beichte den katholischen Glauben der Teilnehmer. Abendliche Gespr\u00e4che auf der Dachterrasse mit Hilfe des You-Cat, eines katholischen Glaubensbuches f\u00fcr Jugendliche in Frage-Antwort-Form, dienten der Reflexion und Diskussion \u00fcber zentrale Inhalte des christlichen Glaubens, gerade auch der Glaubenspraxis im Alltag.<\/p>\n<p>Neben den geistlichen Schwerpunkten gab es nat\u00fcrlich noch Freizeit, um die herrliche Landschaft der Mittelmeerinsel zu erkunden. So waren die Dingli-Klippen, die blaue Grotte, eine Hafenrundfahrt in Valletta und der Fischerort Marsaxlokk touristische H\u00f6hepunkte der Pilgerfahrt. Teilnehmer Emmanuel Werner aus Kalbach sch\u00e4tzte gerade die gute Mischung im Programm: \u201eEs war eine gelungene Mischung aus Wallfahrt und Urlaub, bei der es mir schwer f\u00e4llt konkrete H\u00f6hepunkte zu benennen\u201c, so Werner, der zum ersten Mal mit der Gruppe unterwegs war. Sebastian Bieber, Schulpfarrer der Marienschule und des Marianums, bot zusammen mit Sebastian Pilz schon in den beiden vergangenen Jahren Pilgerfahrten f\u00fcr junge M\u00e4nner nach S\u00fcdengland und Schottland an. Pfarrer Bieber \u00e4u\u00dferte sich zufrieden: \u201eDie Treue und die gute Resonanz bei den Teilnehmern zeigt, wie wichtig solche Angebote f\u00fcr die Glaubensentwicklung von Jugendlichen sind. Zudem war es eine gute und bunt gemischte Gruppe. Einige junge M\u00e4nner arbeiten bereits, andere studieren irgendwo in Deutschland und manche machen gerade ihr Abitur. Der katholische Glaube verbindet eben, nicht nur Menschen, sondern auch eine Pilgerfahrt wie Malta mit dem beruflichen, studentischen oder beruflichen Alltag. Diese Pr\u00e4gung ist wichtig und daher werde ich weitere solcher Fahrten anbieten\u201c, so Schulpfarrer Bieber.<\/p>\n","protected":false},"excerpt":{"rendered":"<div class=\"tmnf_excerpt\"><p>Acht junge M\u00e4nner aus Petersberg, Kalbach, Bad Soden-Salm\u00fcnster und Bad Orb waren f\u00fcr eine Woche auf den Spuren des heiligen Paulus in Malta unterwegs. Der V\u00f6lkerapostel strandete dem Bericht der Apostelgeschichte nach auf seine Reise als r\u00f6mischer Gefangener von Jerusalem nach Rom um das Jahr 60 auf der Mittelmeerinsel. W\u00e4hrend seines dreimonatigen Aufenthaltes verk\u00fcndete er &hellip;<\/p>\n<\/div>","protected":false},"author":1,"featured_media":169346,"comment_status":"closed","ping_status":"closed","sticky":false,"template":"","format":"standard","meta":{"footnotes":""},"categories":[1],"tags":[],"class_list":["post-169343","post","type-post","status-publish","format-standard","has-post-thumbnail","hentry","category-startseite"],"_links":{"self":[{"href":"https:\/\/www.fuldaernachrichten.de\/index.php?rest_route=\/wp\/v2\/posts\/169343","targetHints":{"allow":["GET"]}}],"collection":[{"href":"https:\/\/www.fuldaernachrichten.de\/index.php?rest_route=\/wp\/v2\/posts"}],"about":[{"href":"https:\/\/www.fuldaernachrichten.de\/index.php?rest_route=\/wp\/v2\/types\/post"}],"author":[{"embeddable":true,"href":"https:\/\/www.fuldaernachrichten.de\/index.php?rest_route=\/wp\/v2\/users\/1"}],"replies":[{"embeddable":true,"href":"https:\/\/www.fuldaernachrichten.de\/index.php?rest_route=%2Fwp%2Fv2%2Fcomments&post=169343"}],"version-history":[{"count":1,"href":"https:\/\/www.fuldaernachrichten.de\/index.php?rest_route=\/wp\/v2\/posts\/169343\/revisions"}],"predecessor-version":[{"id":169347,"href":"https:\/\/www.fuldaernachrichten.de\/index.php?rest_route=\/wp\/v2\/posts\/169343\/revisions\/169347"}],"wp:featuredmedia":[{"embeddable":true,"href":"https:\/\/www.fuldaernachrichten.de\/index.php?rest_route=\/wp\/v2\/media\/169346"}],"wp:attachment":[{"href":"https:\/\/www.fuldaernachrichten.de\/index.php?rest_route=%2Fwp%2Fv2%2Fmedia&parent=169343"}],"wp:term":[{"taxonomy":"category","embeddable":true,"href":"https:\/\/www.fuldaernachrichten.de\/index.php?rest_route=%2Fwp%2Fv2%2Fcategories&post=169343"},{"taxonomy":"post_tag","embeddable":true,"href":"https:\/\/www.fuldaernachrichten.de\/index.php?rest_route=%2Fwp%2Fv2%2Ftags&post=169343"}],"curies":[{"name":"wp","href":"https:\/\/api.w.org\/{rel}","templated":true}]}}