{"id":169287,"date":"2017-11-07T07:15:50","date_gmt":"2017-11-07T06:15:50","guid":{"rendered":"http:\/\/www.fuldaer-nachrichten.de\/?p=169287"},"modified":"2017-11-07T07:15:50","modified_gmt":"2017-11-07T06:15:50","slug":"greco-velazquez-goya-drei-meister-im-el-prado-museum-madrid","status":"publish","type":"post","link":"https:\/\/www.fuldaernachrichten.de\/?p=169287","title":{"rendered":"Greco, Vel\u00e1zquez, Goya: drei Meister im El Prado Museum, Madrid"},"content":{"rendered":"<p>Eine kunstgeschichtliche Vortragsreihe der St\u00e4dtischen Volkshochschule behandelt die drei spanischen Gro\u00dfmeister Greco, Vel\u00e1zquez und Goya, deren Werke zum gro\u00dfen Teil im El Prado Museum in Madrid zu bewundern sind. Der n\u00e4chste  Vortragsabend \u00fcber Vel\u00e1zquez findet am Donnerstag, 09. November um 19.00 Uhr im vhs-Vortragssaal im Vonderau Museum statt. Der Termin f\u00fcr Goya ist am 23. November. Referent ist Dr. Miguel Merino-Pacheco.<\/p>\n","protected":false},"excerpt":{"rendered":"<div class=\"tmnf_excerpt\"><p>Eine kunstgeschichtliche Vortragsreihe der St\u00e4dtischen Volkshochschule behandelt die drei spanischen Gro\u00dfmeister Greco, Vel\u00e1zquez und Goya, deren Werke zum gro\u00dfen Teil im El Prado Museum in Madrid zu bewundern sind. Der n\u00e4chste Vortragsabend \u00fcber Vel\u00e1zquez findet am Donnerstag, 09. November um 19.00 Uhr im vhs-Vortragssaal im Vonderau Museum statt. Der Termin f\u00fcr Goya ist am 23. &hellip;<\/p>\n<\/div>","protected":false},"author":1,"featured_media":0,"comment_status":"closed","ping_status":"closed","sticky":false,"template":"","format":"standard","meta":{"footnotes":""},"categories":[1],"tags":[],"class_list":["post-169287","post","type-post","status-publish","format-standard","hentry","category-startseite"],"_links":{"self":[{"href":"https:\/\/www.fuldaernachrichten.de\/index.php?rest_route=\/wp\/v2\/posts\/169287","targetHints":{"allow":["GET"]}}],"collection":[{"href":"https:\/\/www.fuldaernachrichten.de\/index.php?rest_route=\/wp\/v2\/posts"}],"about":[{"href":"https:\/\/www.fuldaernachrichten.de\/index.php?rest_route=\/wp\/v2\/types\/post"}],"author":[{"embeddable":true,"href":"https:\/\/www.fuldaernachrichten.de\/index.php?rest_route=\/wp\/v2\/users\/1"}],"replies":[{"embeddable":true,"href":"https:\/\/www.fuldaernachrichten.de\/index.php?rest_route=%2Fwp%2Fv2%2Fcomments&post=169287"}],"version-history":[{"count":1,"href":"https:\/\/www.fuldaernachrichten.de\/index.php?rest_route=\/wp\/v2\/posts\/169287\/revisions"}],"predecessor-version":[{"id":169291,"href":"https:\/\/www.fuldaernachrichten.de\/index.php?rest_route=\/wp\/v2\/posts\/169287\/revisions\/169291"}],"wp:attachment":[{"href":"https:\/\/www.fuldaernachrichten.de\/index.php?rest_route=%2Fwp%2Fv2%2Fmedia&parent=169287"}],"wp:term":[{"taxonomy":"category","embeddable":true,"href":"https:\/\/www.fuldaernachrichten.de\/index.php?rest_route=%2Fwp%2Fv2%2Fcategories&post=169287"},{"taxonomy":"post_tag","embeddable":true,"href":"https:\/\/www.fuldaernachrichten.de\/index.php?rest_route=%2Fwp%2Fv2%2Ftags&post=169287"}],"curies":[{"name":"wp","href":"https:\/\/api.w.org\/{rel}","templated":true}]}}