{"id":169273,"date":"2017-11-07T07:15:06","date_gmt":"2017-11-07T06:15:06","guid":{"rendered":"http:\/\/www.fuldaer-nachrichten.de\/?p=169273"},"modified":"2017-11-07T07:15:06","modified_gmt":"2017-11-07T06:15:06","slug":"des-kaisers-neue-kleider","status":"publish","type":"post","link":"https:\/\/www.fuldaernachrichten.de\/?p=169273","title":{"rendered":"Des Kaisers neue Kleider"},"content":{"rendered":"<p><a href=\"http:\/\/www.fuldaer-nachrichten.de\/wp-content\/uploads\/2017\/11\/Des-Kaisers-neue-Kleider_Spiegel-c-J\u00fcrgen-Frisch.jpg\"><img decoding=\"async\" src=\"http:\/\/www.fuldaer-nachrichten.de\/wp-content\/uploads\/2017\/11\/Des-Kaisers-neue-Kleider_Spiegel-c-J\u00fcrgen-Frisch-265x183.jpg\" alt=\"\" width=\"265\" height=\"183\" class=\"alignleft size-thumbnail wp-image-169285\" \/><\/a>theater mimikri zeigt die ber\u00fchmte Geschichte \u201eDes Kaisers neue Kleider\u201c als lustig-romantischen M\u00e4rchenkrimi f\u00fcr Kinder: Ist Kaiser Klemens verr\u00fcckt geworden? Er stolziert auf dem Schlossplatz in Unterhosen! Was ist geschehen? Kaiser Klemens ist kleiders\u00fcchtig! Er glaubt, nur durch pr\u00e4chtige Kleider k\u00f6nne er sein Volk beeindrucken.  <\/p>\n<p>Zeremonienmeisterin und Finanzminister wissen keinen Rat. Das Land ist pleite und Kaiser Klemens kann nicht mehr schlafen. Seine protzig-pr\u00e4chtigen Kleider verfolgen ihn bereits nachts im Traum. Schneiderin Elsa und Weber Walter warten verzweifelt auf ihr Geld. Doch Not macht erfinderisch! Und schon tauchen im Palast zwei Experten f\u00fcr Magisch-Modische Majest\u00e4tsgew\u00e4nder auf. Sie versprechen besonders pr\u00e4chtige Kleider, die f\u00fcr Menschen, die dumm sind oder f\u00fcr ihr Amt nicht taugen, unsichtbar bleiben. Der Kaiser ist begeistert\u00e2\u20ac\u00a6 <\/p>\n<p>In farbenpr\u00e4chtiger Kost\u00fcmkunst, m\u00e4rchenhafter Spannung und mitrei\u00dfender Musik sieht das Publikum die pr\u00e4chtigen Kleider im Traum der Majest\u00e4t lebendig werden und erlebt, wie am Ende der kleiders\u00fcchtige, sch\u00fcchterne Kaiser durch eine List und ein kleines Kind erl\u00f6st wird.<\/p>\n<p>Schlosstheater Fulda<br \/>\n14. November 2017, 08:30 Uhr<\/p>\n<p>\u201eDes Kaisers neue Kleider\u201c<br \/>\nM\u00e4rchenzauber mit theater mimikri nach H. C. Andersen<br \/>\nAb 5 Jahren<\/p>\n<p>Spieldauer: 100 Minuten inkl. Pause<br \/>\nTickets: 4 \u2013 6 \u00e2\u201a\u00ac<\/p>\n<p>Tickets sind erh\u00e4ltlich im Theaterb\u00fcro, Schlossstr. 5, Telefon: 0661 102-1483. Online-Buchungen k\u00f6nnen unter www.eventim.de vorgenommen werden. <\/p>\n","protected":false},"excerpt":{"rendered":"<div class=\"tmnf_excerpt\"><p>theater mimikri zeigt die ber\u00fchmte Geschichte \u201eDes Kaisers neue Kleider\u201c als lustig-romantischen M\u00e4rchenkrimi f\u00fcr Kinder: Ist Kaiser Klemens verr\u00fcckt geworden? Er stolziert auf dem Schlossplatz in Unterhosen! Was ist geschehen? Kaiser Klemens ist kleiders\u00fcchtig! Er glaubt, nur durch pr\u00e4chtige Kleider k\u00f6nne er sein Volk beeindrucken. Zeremonienmeisterin und Finanzminister wissen keinen Rat. Das Land ist pleite &hellip;<\/p>\n<\/div>","protected":false},"author":1,"featured_media":169284,"comment_status":"closed","ping_status":"closed","sticky":false,"template":"","format":"standard","meta":{"footnotes":""},"categories":[1],"tags":[],"class_list":["post-169273","post","type-post","status-publish","format-standard","has-post-thumbnail","hentry","category-startseite"],"_links":{"self":[{"href":"https:\/\/www.fuldaernachrichten.de\/index.php?rest_route=\/wp\/v2\/posts\/169273","targetHints":{"allow":["GET"]}}],"collection":[{"href":"https:\/\/www.fuldaernachrichten.de\/index.php?rest_route=\/wp\/v2\/posts"}],"about":[{"href":"https:\/\/www.fuldaernachrichten.de\/index.php?rest_route=\/wp\/v2\/types\/post"}],"author":[{"embeddable":true,"href":"https:\/\/www.fuldaernachrichten.de\/index.php?rest_route=\/wp\/v2\/users\/1"}],"replies":[{"embeddable":true,"href":"https:\/\/www.fuldaernachrichten.de\/index.php?rest_route=%2Fwp%2Fv2%2Fcomments&post=169273"}],"version-history":[{"count":1,"href":"https:\/\/www.fuldaernachrichten.de\/index.php?rest_route=\/wp\/v2\/posts\/169273\/revisions"}],"predecessor-version":[{"id":169286,"href":"https:\/\/www.fuldaernachrichten.de\/index.php?rest_route=\/wp\/v2\/posts\/169273\/revisions\/169286"}],"wp:featuredmedia":[{"embeddable":true,"href":"https:\/\/www.fuldaernachrichten.de\/index.php?rest_route=\/wp\/v2\/media\/169284"}],"wp:attachment":[{"href":"https:\/\/www.fuldaernachrichten.de\/index.php?rest_route=%2Fwp%2Fv2%2Fmedia&parent=169273"}],"wp:term":[{"taxonomy":"category","embeddable":true,"href":"https:\/\/www.fuldaernachrichten.de\/index.php?rest_route=%2Fwp%2Fv2%2Fcategories&post=169273"},{"taxonomy":"post_tag","embeddable":true,"href":"https:\/\/www.fuldaernachrichten.de\/index.php?rest_route=%2Fwp%2Fv2%2Ftags&post=169273"}],"curies":[{"name":"wp","href":"https:\/\/api.w.org\/{rel}","templated":true}]}}