{"id":169272,"date":"2017-11-07T07:15:59","date_gmt":"2017-11-07T06:15:59","guid":{"rendered":"http:\/\/www.fuldaer-nachrichten.de\/?p=169272"},"modified":"2017-11-07T07:15:59","modified_gmt":"2017-11-07T06:15:59","slug":"baukunst-in-rom","status":"publish","type":"post","link":"https:\/\/www.fuldaernachrichten.de\/?p=169272","title":{"rendered":"Baukunst in Rom"},"content":{"rendered":"<p>Einen kunstgeschichtlichen Vortrag \u00fcber das antike Rom und seine Bauten veranstaltet die St\u00e4dtische Volkshochschule am Freitag, 10. November um 18.00 Uhr im vhs-Haus, Kanzlerpalais. Referent ist Dr. Gerhard G\u00f6tte. Die Geb\u00fchr betr\u00e4gt 3,50 \u00e2\u201a\u00ac.<\/p>\n","protected":false},"excerpt":{"rendered":"<div class=\"tmnf_excerpt\"><p>Einen kunstgeschichtlichen Vortrag \u00fcber das antike Rom und seine Bauten veranstaltet die St\u00e4dtische Volkshochschule am Freitag, 10. November um 18.00 Uhr im vhs-Haus, Kanzlerpalais. Referent ist Dr. Gerhard G\u00f6tte. Die Geb\u00fchr betr\u00e4gt 3,50 \u00e2\u201a\u00ac.<\/p>\n<\/div>","protected":false},"author":1,"featured_media":0,"comment_status":"closed","ping_status":"closed","sticky":false,"template":"","format":"standard","meta":{"footnotes":""},"categories":[1],"tags":[],"class_list":["post-169272","post","type-post","status-publish","format-standard","hentry","category-startseite"],"_links":{"self":[{"href":"https:\/\/www.fuldaernachrichten.de\/index.php?rest_route=\/wp\/v2\/posts\/169272","targetHints":{"allow":["GET"]}}],"collection":[{"href":"https:\/\/www.fuldaernachrichten.de\/index.php?rest_route=\/wp\/v2\/posts"}],"about":[{"href":"https:\/\/www.fuldaernachrichten.de\/index.php?rest_route=\/wp\/v2\/types\/post"}],"author":[{"embeddable":true,"href":"https:\/\/www.fuldaernachrichten.de\/index.php?rest_route=\/wp\/v2\/users\/1"}],"replies":[{"embeddable":true,"href":"https:\/\/www.fuldaernachrichten.de\/index.php?rest_route=%2Fwp%2Fv2%2Fcomments&post=169272"}],"version-history":[{"count":1,"href":"https:\/\/www.fuldaernachrichten.de\/index.php?rest_route=\/wp\/v2\/posts\/169272\/revisions"}],"predecessor-version":[{"id":169293,"href":"https:\/\/www.fuldaernachrichten.de\/index.php?rest_route=\/wp\/v2\/posts\/169272\/revisions\/169293"}],"wp:attachment":[{"href":"https:\/\/www.fuldaernachrichten.de\/index.php?rest_route=%2Fwp%2Fv2%2Fmedia&parent=169272"}],"wp:term":[{"taxonomy":"category","embeddable":true,"href":"https:\/\/www.fuldaernachrichten.de\/index.php?rest_route=%2Fwp%2Fv2%2Fcategories&post=169272"},{"taxonomy":"post_tag","embeddable":true,"href":"https:\/\/www.fuldaernachrichten.de\/index.php?rest_route=%2Fwp%2Fv2%2Ftags&post=169272"}],"curies":[{"name":"wp","href":"https:\/\/api.w.org\/{rel}","templated":true}]}}