{"id":169253,"date":"2017-11-07T07:14:23","date_gmt":"2017-11-07T06:14:23","guid":{"rendered":"http:\/\/www.fuldaer-nachrichten.de\/?p=169253"},"modified":"2017-11-07T07:14:23","modified_gmt":"2017-11-07T06:14:23","slug":"gesamtschule-schlitzerland-erkundet-jumo","status":"publish","type":"post","link":"https:\/\/www.fuldaernachrichten.de\/?p=169253","title":{"rendered":"Gesamtschule Schlitzerland erkundet JUMO"},"content":{"rendered":"<p>24 Sch\u00fclerinnen und Sch\u00fcler der Gesamtschule Schlitzerland bekamen mit Ihrem Lehrer Michael Schmidt vor einigen Tagen die Gelegenheit, die JUMO GmbH &#038; Co. KG in Fulda kennen zu lernen. Das umfangreiche Ausbildungsangebot stie\u00df auf gro\u00dfes Interesse.<\/p>\n<p>Betriebserkundungen sind f\u00fcr JUMO, einem weltweit t\u00e4tigen Produzenten von industrieller Mess- und Regeltechnik, ein wichtiges Instrument zur Nachwuchssicherung. Sch\u00fclerinnen und Sch\u00fcler haben so die Gelegenheit, schon fr\u00fchzeitig das Unternehmen und die angebotenen Ausbildungsberufe kennenzulernen.<\/p>\n<p>Frank Blasinger, Leiter der gewerblichen Ausbildung, begr\u00fc\u00dfte die Sch\u00fclerinnen und Sch\u00fcler bei JUMO. Zusammen mit Frank Decher, einem Ausbilder aus dem Bereich Metalltechnik, informierte er \u00fcber die Geschichte des Familienunternehmens, stellte verschiedene Produkte vor und gab einen ersten Einblick in die zehn verschiedenen Ausbildungsberufe, die JUMO derzeit anbietet. Auf besonderes Interesse stie\u00dfen bei den jungen G\u00e4sten die Ausbildungsberufe \u201eElektroniker\/in Betriebstechnik\u201c und \u201eIndustriemechaniker\/-in\u201c.<\/p>\n<p>Bei der anschlie\u00dfenden Betriebsbesichtigung wurden den Sch\u00fclerinnen und Sch\u00fclern einzelne Berufe pr\u00e4sentiert. Die Tour f\u00fchrte unter anderem in die Produktbereiche \u201eMetalltechnik\u201c und \u201eThermostate\u201c sowie in die Ausbildungswerkstatt.<\/p>\n","protected":false},"excerpt":{"rendered":"<div class=\"tmnf_excerpt\"><p>24 Sch\u00fclerinnen und Sch\u00fcler der Gesamtschule Schlitzerland bekamen mit Ihrem Lehrer Michael Schmidt vor einigen Tagen die Gelegenheit, die JUMO GmbH &#038; Co. KG in Fulda kennen zu lernen. Das umfangreiche Ausbildungsangebot stie\u00df auf gro\u00dfes Interesse. Betriebserkundungen sind f\u00fcr JUMO, einem weltweit t\u00e4tigen Produzenten von industrieller Mess- und Regeltechnik, ein wichtiges Instrument zur Nachwuchssicherung. Sch\u00fclerinnen &hellip;<\/p>\n<\/div>","protected":false},"author":1,"featured_media":169281,"comment_status":"closed","ping_status":"closed","sticky":false,"template":"","format":"standard","meta":{"footnotes":""},"categories":[1],"tags":[],"class_list":["post-169253","post","type-post","status-publish","format-standard","has-post-thumbnail","hentry","category-startseite"],"_links":{"self":[{"href":"https:\/\/www.fuldaernachrichten.de\/index.php?rest_route=\/wp\/v2\/posts\/169253","targetHints":{"allow":["GET"]}}],"collection":[{"href":"https:\/\/www.fuldaernachrichten.de\/index.php?rest_route=\/wp\/v2\/posts"}],"about":[{"href":"https:\/\/www.fuldaernachrichten.de\/index.php?rest_route=\/wp\/v2\/types\/post"}],"author":[{"embeddable":true,"href":"https:\/\/www.fuldaernachrichten.de\/index.php?rest_route=\/wp\/v2\/users\/1"}],"replies":[{"embeddable":true,"href":"https:\/\/www.fuldaernachrichten.de\/index.php?rest_route=%2Fwp%2Fv2%2Fcomments&post=169253"}],"version-history":[{"count":1,"href":"https:\/\/www.fuldaernachrichten.de\/index.php?rest_route=\/wp\/v2\/posts\/169253\/revisions"}],"predecessor-version":[{"id":169282,"href":"https:\/\/www.fuldaernachrichten.de\/index.php?rest_route=\/wp\/v2\/posts\/169253\/revisions\/169282"}],"wp:featuredmedia":[{"embeddable":true,"href":"https:\/\/www.fuldaernachrichten.de\/index.php?rest_route=\/wp\/v2\/media\/169281"}],"wp:attachment":[{"href":"https:\/\/www.fuldaernachrichten.de\/index.php?rest_route=%2Fwp%2Fv2%2Fmedia&parent=169253"}],"wp:term":[{"taxonomy":"category","embeddable":true,"href":"https:\/\/www.fuldaernachrichten.de\/index.php?rest_route=%2Fwp%2Fv2%2Fcategories&post=169253"},{"taxonomy":"post_tag","embeddable":true,"href":"https:\/\/www.fuldaernachrichten.de\/index.php?rest_route=%2Fwp%2Fv2%2Ftags&post=169253"}],"curies":[{"name":"wp","href":"https:\/\/api.w.org\/{rel}","templated":true}]}}