{"id":169216,"date":"2017-11-03T13:59:58","date_gmt":"2017-11-03T12:59:58","guid":{"rendered":"http:\/\/www.fuldaer-nachrichten.de\/?p=169216"},"modified":"2017-11-03T13:59:58","modified_gmt":"2017-11-03T12:59:58","slug":"einmal-in-die-barockzeit-abtauchen-kathrin-mueller-aus-hilders-bekommt-ihren-traum-erfuellt","status":"publish","type":"post","link":"https:\/\/www.fuldaernachrichten.de\/?p=169216","title":{"rendered":"Einmal in die Barockzeit abtauchen &#8211; Kathrin M\u00fcller aus Hilders bekommt ihren Traum erf\u00fcllt"},"content":{"rendered":"<p>Die 47-J\u00e4hrige ist Bauzeichnerin f\u00fcr H\u00e4user. Schon als kleines M\u00e4dchen tr\u00e4umte sie von den wundersch\u00f6nen Barock-Kost\u00fcmen aus den Filmen \u201evon fr\u00fcher\u201c. Sie ist fasziniert von den pomp\u00f6sen Kleidern und R\u00f6cken und w\u00fcnscht sich, so etwas auch einmal tragen zu k\u00f6nnen.<br \/>\nBisher war in ihrem Leben nicht viel Platz f\u00fcr eigene Tr\u00e4ume. hr3 erf\u00fcllte Kathrin im Rahmen der Aktion \u201eJetzt bist du dran! Es ist dein Leben\u201c jetzt ihren Lebenstraum: Zusammen mit Maske und Kost\u00fcm des Hessischen Rundfunks verwandelte sich die Bauzeichnerin in eine Hofdame aus der Barockzeit. Sie ist in ein wundersch\u00f6nes Kleid geschl\u00fcpft, hat eine Per\u00fccke getragen und wurde aufwendig geschminkt. Obendrein bekam Kathrin M\u00fcller ein Fotoshooting und die Bilder daraus als Erinnerung.<\/p>\n<p>Hintergrund: hr3 macht seit dem 9. Oktober bis zum 17. November mit der Aktion \u201eJetzt bist du dran! Es ist dein Leben\u201c lang gehegte Lebenstr\u00e4ume seiner H\u00f6rer war. In der hr3-Morningshow erf\u00fcllen die Moderatoren Tobi K\u00e4mmerer und Tanja R\u00f6sner den H\u00f6rern Tr\u00e4ume, die sie schon lange hegen. Es sind W\u00fcnsche, die im Alltag vieler Menschen durch fehlende Zeit oder mangels finanzieller Mittel leider oft auf der Strecke bleiben. So k\u00f6nnen die H\u00f6rer an der Aktion teilnehmen: Einfach auf hr3.de ein Online-Formular zur Aktion ausf\u00fcllen und absenden. Bis zum 17. November erf\u00fcllt hr3 Lebenstr\u00e4ume der Hessen.<\/p>\n","protected":false},"excerpt":{"rendered":"<div class=\"tmnf_excerpt\"><p>Die 47-J\u00e4hrige ist Bauzeichnerin f\u00fcr H\u00e4user. Schon als kleines M\u00e4dchen tr\u00e4umte sie von den wundersch\u00f6nen Barock-Kost\u00fcmen aus den Filmen \u201evon fr\u00fcher\u201c. Sie ist fasziniert von den pomp\u00f6sen Kleidern und R\u00f6cken und w\u00fcnscht sich, so etwas auch einmal tragen zu k\u00f6nnen. Bisher war in ihrem Leben nicht viel Platz f\u00fcr eigene Tr\u00e4ume. hr3 erf\u00fcllte Kathrin im &hellip;<\/p>\n<\/div>","protected":false},"author":1,"featured_media":169222,"comment_status":"closed","ping_status":"closed","sticky":false,"template":"","format":"gallery","meta":{"footnotes":""},"categories":[1],"tags":[],"class_list":["post-169216","post","type-post","status-publish","format-gallery","has-post-thumbnail","hentry","category-startseite","post_format-post-format-gallery"],"_links":{"self":[{"href":"https:\/\/www.fuldaernachrichten.de\/index.php?rest_route=\/wp\/v2\/posts\/169216","targetHints":{"allow":["GET"]}}],"collection":[{"href":"https:\/\/www.fuldaernachrichten.de\/index.php?rest_route=\/wp\/v2\/posts"}],"about":[{"href":"https:\/\/www.fuldaernachrichten.de\/index.php?rest_route=\/wp\/v2\/types\/post"}],"author":[{"embeddable":true,"href":"https:\/\/www.fuldaernachrichten.de\/index.php?rest_route=\/wp\/v2\/users\/1"}],"replies":[{"embeddable":true,"href":"https:\/\/www.fuldaernachrichten.de\/index.php?rest_route=%2Fwp%2Fv2%2Fcomments&post=169216"}],"version-history":[{"count":1,"href":"https:\/\/www.fuldaernachrichten.de\/index.php?rest_route=\/wp\/v2\/posts\/169216\/revisions"}],"predecessor-version":[{"id":169227,"href":"https:\/\/www.fuldaernachrichten.de\/index.php?rest_route=\/wp\/v2\/posts\/169216\/revisions\/169227"}],"wp:featuredmedia":[{"embeddable":true,"href":"https:\/\/www.fuldaernachrichten.de\/index.php?rest_route=\/wp\/v2\/media\/169222"}],"wp:attachment":[{"href":"https:\/\/www.fuldaernachrichten.de\/index.php?rest_route=%2Fwp%2Fv2%2Fmedia&parent=169216"}],"wp:term":[{"taxonomy":"category","embeddable":true,"href":"https:\/\/www.fuldaernachrichten.de\/index.php?rest_route=%2Fwp%2Fv2%2Fcategories&post=169216"},{"taxonomy":"post_tag","embeddable":true,"href":"https:\/\/www.fuldaernachrichten.de\/index.php?rest_route=%2Fwp%2Fv2%2Ftags&post=169216"}],"curies":[{"name":"wp","href":"https:\/\/api.w.org\/{rel}","templated":true}]}}