{"id":169168,"date":"2017-11-03T13:51:20","date_gmt":"2017-11-03T12:51:20","guid":{"rendered":"http:\/\/www.fuldaer-nachrichten.de\/?p=169168"},"modified":"2017-11-03T13:51:20","modified_gmt":"2017-11-03T12:51:20","slug":"dav-kletterzentrum-fulda-nimmt-zum-fuenften-mal-an-klettermarathon-teil","status":"publish","type":"post","link":"https:\/\/www.fuldaernachrichten.de\/?p=169168","title":{"rendered":"DAV Kletterzentrum Fulda nimmt zum f\u00fcnften Mal an Klettermarathon teil"},"content":{"rendered":"<p>Das DAV Kletterzentrum Fulda nimmt am 12. November zum f\u00fcnften Mal am \u00fcberregionalen Klettermarathon teil. Bei diesem Wettbewerb treten insgesamt 17 Hallen im Wettstreit um die meisten Klettermeter in sechs Stunden an \u2013 und, um vielleicht ins Guinessbuch der Rekorde zu kommen.  <\/p>\n<p>Wer sammelt die meisten Klettermeter f\u00fcr seine Heim-Halle? Um diesen Wettstreit geht es jedes Jahr im November beim bundesweiten Klettermarathon. In 17 Hallen, die \u00fcber das gesamte Bundesgebiet verteilt sind, treten dann in 2&#215;3 Stunden Kletterteams an, um Meter zu sammeln. Auch das DAV Kletterzentrum Fulda ist mit dabei und m\u00f6chte am Ende einen der vorderen Pl\u00e4tze ergattern \u2013 neben Hallen aus Brakel, Bremen, Buchholz, Chemnitz, Donauw\u00f6rth, Erfurt, Frankfurt, Gie\u00dfen,  Hamburg, Hannover, Hildesheim, L\u00fcbeck, Marburg, Simbach, Weimar und Wetzlar. Gesammelt werden die Klettermeter im Vorstieg oder Toprope in Zweierteams &#8211; m\u00e4nnlich, weiblich und mixed \u2013 und jeder, der klettert, kann mitmachen. Dieses Jahr gibt es einen weiteren Ansporn zur Teilnahme:  Geplant ist, dass der Klettermarathon 2017 zugleich als Casting und Qualifizierung f\u00fcr einen Platz in der Startmannschaft fungiert, die sich im Rahmen eines Klettermarathons Best-of-the-Best um einen Eintrag ins Guinessbuch der Rekorde bewirbt.<\/p>\n<p>Live-Wettkampf sorgt f\u00fcr Spannung<br \/>\nDeshalb ruft das Fuldaer Kletterzentrum alle Kletterbegeisterten auf, bei diesem Wettbewerb mitzumachen. Geklettert wird ab 10 Uhr in zwei Halbzeiten zu je 3 Stunden &#8211; vormittags und nachmittags mit einer Pause zwischen den Halbzeiten, begleitet von fetziger Musik. Jede Route darf dabei nur 1x pro Team (ohne Sturz) geklettert werden. Die Auswertung erfolgt live: die Teams tragen die gemeisterten Kletterrouten ins System ein und die Ergebnisse (Team und Halle) erscheinen direkt auf www.klettermarathon.de und auf einer Leinwand in der Halle. So kennen die Teilnehmer jederzeit die pers\u00f6nliche, als auch die Platzierung ihrer Halle. An den Start gehen darf jeder, der in der jeweiligen Halle auch selbstst\u00e4ndig klettern darf. Die Startgeb\u00fchr pro Team &#8211; in der auch die Halbzeitverpflegung inbegriffen ist &#8211; betr\u00e4gt 20 Euro oder 15 Euro f\u00fcr DAV-Mitglieder. <\/p>\n<p>Osthessische Idee<br \/>\nDie Fuldaer Kletterhalle ist aber nicht nur Austragungsort, auch die Idee zu diesem Marathon in der Vertikalen stammt urspr\u00fcnglich aus Osthessen. 2013 ging die j\u00e4hrlich stattfindende Veranstaltung an den Start, die bislang mehrere Hundert Teilnehmer angezogen hat<br \/>\nWer mithelfen m\u00f6chte, das DAV Kletterzentrum Fulda nach vorne zu klettern, findet weitere Informationen sowie eine Anmeldem\u00f6glichkeit auf der Veranstaltungswebsite www.klettermarathon.de oder kann sich pers\u00f6nlich im Kletterzentrum Fulda informieren.<\/p>\n","protected":false},"excerpt":{"rendered":"<div class=\"tmnf_excerpt\"><p>Das DAV Kletterzentrum Fulda nimmt am 12. November zum f\u00fcnften Mal am \u00fcberregionalen Klettermarathon teil. Bei diesem Wettbewerb treten insgesamt 17 Hallen im Wettstreit um die meisten Klettermeter in sechs Stunden an \u2013 und, um vielleicht ins Guinessbuch der Rekorde zu kommen. Wer sammelt die meisten Klettermeter f\u00fcr seine Heim-Halle? Um diesen Wettstreit geht es &hellip;<\/p>\n<\/div>","protected":false},"author":1,"featured_media":169172,"comment_status":"closed","ping_status":"closed","sticky":false,"template":"","format":"standard","meta":{"footnotes":""},"categories":[1],"tags":[],"class_list":["post-169168","post","type-post","status-publish","format-standard","has-post-thumbnail","hentry","category-startseite"],"_links":{"self":[{"href":"https:\/\/www.fuldaernachrichten.de\/index.php?rest_route=\/wp\/v2\/posts\/169168","targetHints":{"allow":["GET"]}}],"collection":[{"href":"https:\/\/www.fuldaernachrichten.de\/index.php?rest_route=\/wp\/v2\/posts"}],"about":[{"href":"https:\/\/www.fuldaernachrichten.de\/index.php?rest_route=\/wp\/v2\/types\/post"}],"author":[{"embeddable":true,"href":"https:\/\/www.fuldaernachrichten.de\/index.php?rest_route=\/wp\/v2\/users\/1"}],"replies":[{"embeddable":true,"href":"https:\/\/www.fuldaernachrichten.de\/index.php?rest_route=%2Fwp%2Fv2%2Fcomments&post=169168"}],"version-history":[{"count":1,"href":"https:\/\/www.fuldaernachrichten.de\/index.php?rest_route=\/wp\/v2\/posts\/169168\/revisions"}],"predecessor-version":[{"id":169173,"href":"https:\/\/www.fuldaernachrichten.de\/index.php?rest_route=\/wp\/v2\/posts\/169168\/revisions\/169173"}],"wp:featuredmedia":[{"embeddable":true,"href":"https:\/\/www.fuldaernachrichten.de\/index.php?rest_route=\/wp\/v2\/media\/169172"}],"wp:attachment":[{"href":"https:\/\/www.fuldaernachrichten.de\/index.php?rest_route=%2Fwp%2Fv2%2Fmedia&parent=169168"}],"wp:term":[{"taxonomy":"category","embeddable":true,"href":"https:\/\/www.fuldaernachrichten.de\/index.php?rest_route=%2Fwp%2Fv2%2Fcategories&post=169168"},{"taxonomy":"post_tag","embeddable":true,"href":"https:\/\/www.fuldaernachrichten.de\/index.php?rest_route=%2Fwp%2Fv2%2Ftags&post=169168"}],"curies":[{"name":"wp","href":"https:\/\/api.w.org\/{rel}","templated":true}]}}