{"id":169158,"date":"2017-11-03T13:49:57","date_gmt":"2017-11-03T12:49:57","guid":{"rendered":"http:\/\/www.fuldaer-nachrichten.de\/?p=169158"},"modified":"2017-11-03T13:49:57","modified_gmt":"2017-11-03T12:49:57","slug":"eroeffnung-am-11-11-2017-in-der-galerie-vor-den-spiegelsaelen-foellsch-foll-hinein-ausstellung-zur-fuldaer-fastnacht","status":"publish","type":"post","link":"https:\/\/www.fuldaernachrichten.de\/?p=169158","title":{"rendered":"Er\u00f6ffnung am 11. 11. 2017 in der Galerie vor den Spiegels\u00e4len &#8211; F\u00f6llsch Foll \u2013 hinein! Ausstellung zur Fuldaer Fastnacht"},"content":{"rendered":"<p><a href=\"http:\/\/www.fuldaer-nachrichten.de\/wp-content\/uploads\/2017\/11\/Prinzenorden-1934-e1509713392913.jpg\"><img fetchpriority=\"high\" decoding=\"async\" src=\"http:\/\/www.fuldaer-nachrichten.de\/wp-content\/uploads\/2017\/11\/Prinzenorden-1934-e1509713392913-265x398.jpg\" alt=\"\" width=\"265\" height=\"398\" class=\"alignleft size-thumbnail wp-image-169164\" srcset=\"https:\/\/www.fuldaernachrichten.de\/wp-content\/uploads\/2017\/11\/Prinzenorden-1934-e1509713392913-265x398.jpg 265w, https:\/\/www.fuldaernachrichten.de\/wp-content\/uploads\/2017\/11\/Prinzenorden-1934-e1509713392913-177x265.jpg 177w, https:\/\/www.fuldaernachrichten.de\/wp-content\/uploads\/2017\/11\/Prinzenorden-1934-e1509713392913-400x600.jpg 400w, https:\/\/www.fuldaernachrichten.de\/wp-content\/uploads\/2017\/11\/Prinzenorden-1934-e1509713392913.jpg 600w\" sizes=\"(max-width: 265px) 100vw, 265px\" \/><\/a>P\u00fcnktlich zum Start der \u201ef\u00fcnften Jahreszeit\u201c wird am Samstag, 11. November, morgens um 9.30 Uhr eine ganz besondere Ausstellung in der Galerie vor den Spiegels\u00e4len des Fuldaer Stadtschlosses er\u00f6ffnet: \u201e500 Jahre Fastnacht in Fulda\u201c lautet der Titel der Schau, die der Freundeskreis Fastnachtsmuseum Fulda um Bernd Heil zusammengestellt hat und in Kooperation mit der Stadt Fulda pr\u00e4sentiert. <\/p>\n<p>Seit mehr als 500 Jahren wird in Fulda Fastnacht gefeiert \u2013 \u00fcberliefert ist dies durch Akten des Fuldaer Sch\u00f6ffengerichts, das sich im Februar 1508 mit einem \u201efalschverstandenen Fastnachtsscherz\u201c auseinandersetzen musste. Auch aus sp\u00e4teren Jahrhunderten gibt es Hinweise, dass das Fastnachts-Brauchtum in Fulda kontinuierlich gepflegt wurde. <\/p>\n<p>Die Ausstellung konzentriert sich auf Exponate, die vor allem aus der Zeit der in Vereinsstrukturen organisierten \u201eNarretei\u201c stammen. Zu den fr\u00fchesten Zeugnissen geh\u00f6rt etwa eine Eintrittskarte zum Turnermaskenball der FT Fulda aus dem Jahr 1849 (das Original dieses kulturhistorisch interessanten Dokuments befindet sich im Deutschen Historischen Museum in Berlin). Zu den originellsten Ausstellungsst\u00fccken geh\u00f6ren auch mehrere Fuldaer \u201eSchwellk\u00f6ppe\u201c aus dem Jahr 1935. Sie waren in Vergessenheit geraten und wurden erst Mitte der 1980er Jahre auf dem Dachboden der Fuldaer Domschule wiederentdeckt. Aus den 1930er Jahren stammen auch verschiedene \u201eZugplaketten\u201c, die zur Finanzierung des jeweiligen Rosenmontagszugs verkauft wurden, sowie ein Prinzenorden des ersten Prinzen der Fuldaer Karneval-Gesellschaft (FKG), Otto Thiele (\u201eT\u00f6rtchen I.\u201c) aus dem Jahr 1934. Wie in einem Kaleidoskop lassen sich ganze Jahrzehnte Fuldaer Fastnachtsgeschichte an den Titelbl\u00e4ttern des \u201eFuldaer Dr\u00e4schers\u201c ablesen, die ebenso zu Ausstellung geh\u00f6ren wie die alten Uniformen der Fuldaer Fastnachts-Originale Lilly Fahr und G\u00fcnther Kalb. <\/p>\n<p>Zu sehen ist die Schau bis zum 14. Februar 2018 (Aschermittwoch), jeweils zu den \u00d6ffnungszeiten des Stadtschloss-Museum (T\u00e4glich au\u00dfer Montag: 10 bis 17 Uhr). Der Eintritt zur Ausstellung ist frei. Am 24. Und 31. Dezember bleibt die Ausstellung geschlossen.<\/p>\n","protected":false},"excerpt":{"rendered":"<div class=\"tmnf_excerpt\"><p>P\u00fcnktlich zum Start der \u201ef\u00fcnften Jahreszeit\u201c wird am Samstag, 11. November, morgens um 9.30 Uhr eine ganz besondere Ausstellung in der Galerie vor den Spiegels\u00e4len des Fuldaer Stadtschlosses er\u00f6ffnet: \u201e500 Jahre Fastnacht in Fulda\u201c lautet der Titel der Schau, die der Freundeskreis Fastnachtsmuseum Fulda um Bernd Heil zusammengestellt hat und in Kooperation mit der Stadt &hellip;<\/p>\n<\/div>","protected":false},"author":1,"featured_media":169163,"comment_status":"closed","ping_status":"closed","sticky":false,"template":"","format":"standard","meta":{"footnotes":""},"categories":[1],"tags":[],"class_list":["post-169158","post","type-post","status-publish","format-standard","has-post-thumbnail","hentry","category-startseite"],"_links":{"self":[{"href":"https:\/\/www.fuldaernachrichten.de\/index.php?rest_route=\/wp\/v2\/posts\/169158","targetHints":{"allow":["GET"]}}],"collection":[{"href":"https:\/\/www.fuldaernachrichten.de\/index.php?rest_route=\/wp\/v2\/posts"}],"about":[{"href":"https:\/\/www.fuldaernachrichten.de\/index.php?rest_route=\/wp\/v2\/types\/post"}],"author":[{"embeddable":true,"href":"https:\/\/www.fuldaernachrichten.de\/index.php?rest_route=\/wp\/v2\/users\/1"}],"replies":[{"embeddable":true,"href":"https:\/\/www.fuldaernachrichten.de\/index.php?rest_route=%2Fwp%2Fv2%2Fcomments&post=169158"}],"version-history":[{"count":1,"href":"https:\/\/www.fuldaernachrichten.de\/index.php?rest_route=\/wp\/v2\/posts\/169158\/revisions"}],"predecessor-version":[{"id":169165,"href":"https:\/\/www.fuldaernachrichten.de\/index.php?rest_route=\/wp\/v2\/posts\/169158\/revisions\/169165"}],"wp:featuredmedia":[{"embeddable":true,"href":"https:\/\/www.fuldaernachrichten.de\/index.php?rest_route=\/wp\/v2\/media\/169163"}],"wp:attachment":[{"href":"https:\/\/www.fuldaernachrichten.de\/index.php?rest_route=%2Fwp%2Fv2%2Fmedia&parent=169158"}],"wp:term":[{"taxonomy":"category","embeddable":true,"href":"https:\/\/www.fuldaernachrichten.de\/index.php?rest_route=%2Fwp%2Fv2%2Fcategories&post=169158"},{"taxonomy":"post_tag","embeddable":true,"href":"https:\/\/www.fuldaernachrichten.de\/index.php?rest_route=%2Fwp%2Fv2%2Ftags&post=169158"}],"curies":[{"name":"wp","href":"https:\/\/api.w.org\/{rel}","templated":true}]}}