{"id":169157,"date":"2017-11-03T13:48:49","date_gmt":"2017-11-03T12:48:49","guid":{"rendered":"http:\/\/www.fuldaer-nachrichten.de\/?p=169157"},"modified":"2017-11-03T13:48:49","modified_gmt":"2017-11-03T12:48:49","slug":"fahrt-zur-otto-dix-ausstellung","status":"publish","type":"post","link":"https:\/\/www.fuldaernachrichten.de\/?p=169157","title":{"rendered":"Fahrt zur Otto Dix-Ausstellung"},"content":{"rendered":"<p>Eine Tagesfahrt zur Ausstellung \u201eGlanz und Elend in der Weimarer Republik \u2013 Von Otto Dix bis Jeanne Mammen\u201c unternimmt die St\u00e4dtische Volkshochschule am Samstag, 11. November 2017. Die Ausstellung wird in der Schirn gezeigt. Vorher gibt es noch einen Stadtrundgang unter Leitung der vhs-Literaturdozentin Jutta Sporer. Die Fahrt incl. F\u00fchrung und Eintrittskosten betr\u00e4gt 48,00 \u00e2\u201a\u00ac.<\/p>\n<p>Auskunft und Anmeldung \u00fcber die vhs-Gesch\u00e4ftsstelle, Unterm Hl. Kreuz 1, Telefon 0661\/102-1477 oder -1474.<\/p>\n","protected":false},"excerpt":{"rendered":"<div class=\"tmnf_excerpt\"><p>Eine Tagesfahrt zur Ausstellung \u201eGlanz und Elend in der Weimarer Republik \u2013 Von Otto Dix bis Jeanne Mammen\u201c unternimmt die St\u00e4dtische Volkshochschule am Samstag, 11. November 2017. Die Ausstellung wird in der Schirn gezeigt. Vorher gibt es noch einen Stadtrundgang unter Leitung der vhs-Literaturdozentin Jutta Sporer. Die Fahrt incl. F\u00fchrung und Eintrittskosten betr\u00e4gt 48,00 \u00e2\u201a\u00ac. &hellip;<\/p>\n<\/div>","protected":false},"author":1,"featured_media":0,"comment_status":"closed","ping_status":"closed","sticky":false,"template":"","format":"standard","meta":{"footnotes":""},"categories":[1],"tags":[],"class_list":["post-169157","post","type-post","status-publish","format-standard","hentry","category-startseite"],"_links":{"self":[{"href":"https:\/\/www.fuldaernachrichten.de\/index.php?rest_route=\/wp\/v2\/posts\/169157","targetHints":{"allow":["GET"]}}],"collection":[{"href":"https:\/\/www.fuldaernachrichten.de\/index.php?rest_route=\/wp\/v2\/posts"}],"about":[{"href":"https:\/\/www.fuldaernachrichten.de\/index.php?rest_route=\/wp\/v2\/types\/post"}],"author":[{"embeddable":true,"href":"https:\/\/www.fuldaernachrichten.de\/index.php?rest_route=\/wp\/v2\/users\/1"}],"replies":[{"embeddable":true,"href":"https:\/\/www.fuldaernachrichten.de\/index.php?rest_route=%2Fwp%2Fv2%2Fcomments&post=169157"}],"version-history":[{"count":1,"href":"https:\/\/www.fuldaernachrichten.de\/index.php?rest_route=\/wp\/v2\/posts\/169157\/revisions"}],"predecessor-version":[{"id":169161,"href":"https:\/\/www.fuldaernachrichten.de\/index.php?rest_route=\/wp\/v2\/posts\/169157\/revisions\/169161"}],"wp:attachment":[{"href":"https:\/\/www.fuldaernachrichten.de\/index.php?rest_route=%2Fwp%2Fv2%2Fmedia&parent=169157"}],"wp:term":[{"taxonomy":"category","embeddable":true,"href":"https:\/\/www.fuldaernachrichten.de\/index.php?rest_route=%2Fwp%2Fv2%2Fcategories&post=169157"},{"taxonomy":"post_tag","embeddable":true,"href":"https:\/\/www.fuldaernachrichten.de\/index.php?rest_route=%2Fwp%2Fv2%2Ftags&post=169157"}],"curies":[{"name":"wp","href":"https:\/\/api.w.org\/{rel}","templated":true}]}}