{"id":168987,"date":"2017-10-28T11:36:45","date_gmt":"2017-10-28T09:36:45","guid":{"rendered":"http:\/\/www.fuldaer-nachrichten.de\/?p=168987"},"modified":"2017-10-28T11:36:45","modified_gmt":"2017-10-28T09:36:45","slug":"weg-frei-fuer-fuldaer-hessentags-bewerbung-2021","status":"publish","type":"post","link":"https:\/\/www.fuldaernachrichten.de\/?p=168987","title":{"rendered":"Weg frei f\u00fcr Fuldaer Hessentags-Bewerbung 2021"},"content":{"rendered":"<p>Mit breiter Mehrheit hat die Fuldaer Stadtverordnetenversammlung heute Abend gr\u00fcnes Licht f\u00fcr eine Bewerbung der Stadt um die Ausrichtung des Hessentags im Jahr 2021 gegeben. Fuldas Oberb\u00fcrgermeister Dr. Heiko Wingenfeld sprach von einem ermutigenden Signal, das die Stadtpolitik in Richtung Wiesbaden gesandt habe. <\/p>\n<p>Der Oberb\u00fcrgermeister hatte zuvor intensiv f\u00fcr die Bewerbung geworben. Die nun m\u00f6gliche Abfolge von besonderen Ereignissen &#8211; dem 1275-j\u00e4hrigen Stadtjubil\u00e4um 2019, dem Hessentag 2021 und der Landesgartenschau 2023 &#8211; biete die einmalige Chance, durch ein konzertiertes Vorgehen die F\u00f6rderm\u00f6glichkeiten aufeinander abzustimmen und so im Interesse aller B\u00fcrgerinnen und B\u00fcrger nachhaltig in die Stadtentwicklung zu investieren. OB Wingenfeld zeigte sich zugleich zuversichtlich, dass die Bewerbung aus Fulda bei der Landesregierung gute Chancen auf einen Zuschlag haben werde.<\/p>\n","protected":false},"excerpt":{"rendered":"<div class=\"tmnf_excerpt\"><p>Mit breiter Mehrheit hat die Fuldaer Stadtverordnetenversammlung heute Abend gr\u00fcnes Licht f\u00fcr eine Bewerbung der Stadt um die Ausrichtung des Hessentags im Jahr 2021 gegeben. Fuldas Oberb\u00fcrgermeister Dr. Heiko Wingenfeld sprach von einem ermutigenden Signal, das die Stadtpolitik in Richtung Wiesbaden gesandt habe. Der Oberb\u00fcrgermeister hatte zuvor intensiv f\u00fcr die Bewerbung geworben. Die nun m\u00f6gliche &hellip;<\/p>\n<\/div>","protected":false},"author":1,"featured_media":168988,"comment_status":"closed","ping_status":"closed","sticky":false,"template":"","format":"standard","meta":{"footnotes":""},"categories":[1],"tags":[],"class_list":["post-168987","post","type-post","status-publish","format-standard","has-post-thumbnail","hentry","category-startseite"],"_links":{"self":[{"href":"https:\/\/www.fuldaernachrichten.de\/index.php?rest_route=\/wp\/v2\/posts\/168987","targetHints":{"allow":["GET"]}}],"collection":[{"href":"https:\/\/www.fuldaernachrichten.de\/index.php?rest_route=\/wp\/v2\/posts"}],"about":[{"href":"https:\/\/www.fuldaernachrichten.de\/index.php?rest_route=\/wp\/v2\/types\/post"}],"author":[{"embeddable":true,"href":"https:\/\/www.fuldaernachrichten.de\/index.php?rest_route=\/wp\/v2\/users\/1"}],"replies":[{"embeddable":true,"href":"https:\/\/www.fuldaernachrichten.de\/index.php?rest_route=%2Fwp%2Fv2%2Fcomments&post=168987"}],"version-history":[{"count":1,"href":"https:\/\/www.fuldaernachrichten.de\/index.php?rest_route=\/wp\/v2\/posts\/168987\/revisions"}],"predecessor-version":[{"id":168989,"href":"https:\/\/www.fuldaernachrichten.de\/index.php?rest_route=\/wp\/v2\/posts\/168987\/revisions\/168989"}],"wp:featuredmedia":[{"embeddable":true,"href":"https:\/\/www.fuldaernachrichten.de\/index.php?rest_route=\/wp\/v2\/media\/168988"}],"wp:attachment":[{"href":"https:\/\/www.fuldaernachrichten.de\/index.php?rest_route=%2Fwp%2Fv2%2Fmedia&parent=168987"}],"wp:term":[{"taxonomy":"category","embeddable":true,"href":"https:\/\/www.fuldaernachrichten.de\/index.php?rest_route=%2Fwp%2Fv2%2Fcategories&post=168987"},{"taxonomy":"post_tag","embeddable":true,"href":"https:\/\/www.fuldaernachrichten.de\/index.php?rest_route=%2Fwp%2Fv2%2Ftags&post=168987"}],"curies":[{"name":"wp","href":"https:\/\/api.w.org\/{rel}","templated":true}]}}