{"id":168952,"date":"2017-10-28T11:30:36","date_gmt":"2017-10-28T09:30:36","guid":{"rendered":"http:\/\/www.fuldaer-nachrichten.de\/?p=168952"},"modified":"2017-10-28T11:30:36","modified_gmt":"2017-10-28T09:30:36","slug":"stimmungsvoller-adventsbasar-im-vitanas-senioren-centrum-fulda-galerie","status":"publish","type":"post","link":"https:\/\/www.fuldaernachrichten.de\/?p=168952","title":{"rendered":"Stimmungsvoller Adventsbasar im Vitanas Senioren Centrum Fulda Galerie"},"content":{"rendered":"<p>Das Vitanas Senioren Centrum Fulda Galerie l\u00e4dt am Samstag, 18. November 2017 Gro\u00df und Klein zum winterlichen Adventsbasar. Ab 14.30 Uhr wird hier ein buntes Programm mit vielen Leckereien geboten. Der Eintritt ist selbstverst\u00e4ndlich f\u00fcr alle Besucher kostenfrei.<\/p>\n<p>Sie sind auf der Suche nach einer kleinen Besonderheit f\u00fcr Ihre Lieben? Oder haben Lust, ein wenig zu st\u00f6bern? Oder freuen Sie sich einfach auf Weihnachten und genie\u00dfen gerne die Adventsstimmung? Dann ist der bunte Adventsbasar mit seinen liebevoll gestalteten Marktst\u00e4nden genau das Richtige. Zum Verkauf stehen hier besondere Handarbeiten, selbstgemachtes Handwerk von Bewohnern und Mitarbeitern sowie allerlei Leckereien. Weihnachtliche Musik taucht das Markttreiben in weihnachtliche Stimmung. Kulinarisch locken weihnachtliche K\u00f6stlichkeiten und nat\u00fcrlich traditioneller Punsch.<\/p>\n<p>Informationen und Beratung rund um Pflege und Gesundheit &#8211; die T\u00fcren des Hauses stehen besonders auch an diesem Tag allen Interessierten offen. Bei F\u00fchrungen und Beratungsgespr\u00e4chen hat das Team rund um Centrumsleiter Daniel Funke ein offenes Ohr f\u00fcr alle Fragen. \u201eUnser hauseigener Adventsbasar wird ein ganz besonders sch\u00f6ner Programmpunkt des Jahres. Wir bereiten uns schon seit Wochen auf diesen Tag vor und freuen uns auf einen sch\u00f6nen winterlichen Nachmittag mit vielen G\u00e4sten aus der Nachbarschaft\u201c, so Daniel Funke.<\/p>\n","protected":false},"excerpt":{"rendered":"<div class=\"tmnf_excerpt\"><p>Das Vitanas Senioren Centrum Fulda Galerie l\u00e4dt am Samstag, 18. November 2017 Gro\u00df und Klein zum winterlichen Adventsbasar. Ab 14.30 Uhr wird hier ein buntes Programm mit vielen Leckereien geboten. Der Eintritt ist selbstverst\u00e4ndlich f\u00fcr alle Besucher kostenfrei. Sie sind auf der Suche nach einer kleinen Besonderheit f\u00fcr Ihre Lieben? Oder haben Lust, ein wenig &hellip;<\/p>\n<\/div>","protected":false},"author":1,"featured_media":168953,"comment_status":"closed","ping_status":"closed","sticky":false,"template":"","format":"standard","meta":{"footnotes":""},"categories":[1],"tags":[],"class_list":["post-168952","post","type-post","status-publish","format-standard","has-post-thumbnail","hentry","category-startseite"],"_links":{"self":[{"href":"https:\/\/www.fuldaernachrichten.de\/index.php?rest_route=\/wp\/v2\/posts\/168952","targetHints":{"allow":["GET"]}}],"collection":[{"href":"https:\/\/www.fuldaernachrichten.de\/index.php?rest_route=\/wp\/v2\/posts"}],"about":[{"href":"https:\/\/www.fuldaernachrichten.de\/index.php?rest_route=\/wp\/v2\/types\/post"}],"author":[{"embeddable":true,"href":"https:\/\/www.fuldaernachrichten.de\/index.php?rest_route=\/wp\/v2\/users\/1"}],"replies":[{"embeddable":true,"href":"https:\/\/www.fuldaernachrichten.de\/index.php?rest_route=%2Fwp%2Fv2%2Fcomments&post=168952"}],"version-history":[{"count":1,"href":"https:\/\/www.fuldaernachrichten.de\/index.php?rest_route=\/wp\/v2\/posts\/168952\/revisions"}],"predecessor-version":[{"id":168954,"href":"https:\/\/www.fuldaernachrichten.de\/index.php?rest_route=\/wp\/v2\/posts\/168952\/revisions\/168954"}],"wp:featuredmedia":[{"embeddable":true,"href":"https:\/\/www.fuldaernachrichten.de\/index.php?rest_route=\/wp\/v2\/media\/168953"}],"wp:attachment":[{"href":"https:\/\/www.fuldaernachrichten.de\/index.php?rest_route=%2Fwp%2Fv2%2Fmedia&parent=168952"}],"wp:term":[{"taxonomy":"category","embeddable":true,"href":"https:\/\/www.fuldaernachrichten.de\/index.php?rest_route=%2Fwp%2Fv2%2Fcategories&post=168952"},{"taxonomy":"post_tag","embeddable":true,"href":"https:\/\/www.fuldaernachrichten.de\/index.php?rest_route=%2Fwp%2Fv2%2Ftags&post=168952"}],"curies":[{"name":"wp","href":"https:\/\/api.w.org\/{rel}","templated":true}]}}