{"id":168933,"date":"2017-10-27T08:45:19","date_gmt":"2017-10-27T06:45:19","guid":{"rendered":"http:\/\/www.fuldaer-nachrichten.de\/?p=168933"},"modified":"2017-10-27T08:45:19","modified_gmt":"2017-10-27T06:45:19","slug":"abschlusspraesentation-des-projekts-talentcampus","status":"publish","type":"post","link":"https:\/\/www.fuldaernachrichten.de\/?p=168933","title":{"rendered":"Abschlusspr\u00e4sentation des Projekts \u201eTalentCampus\u201c"},"content":{"rendered":"<p>Unter den beiden Mottos: \u201eWir gestalten unsere Welt\u201c und<br \/>\n\u201eWir tanzen um die Welt\u201c haben rund 60 Kinder im Alter von 9 bis 13 Jahren aus dem Fuldaer Ostend\/Ziehers S\u00fcd und vom Aschenberg in der letzten Herbstferienwoche gemeinsam mit K\u00fcnstlern und P\u00e4dagogen in verschiedenen Workshops ein buntes Programm aus Kunst und Kunstst\u00fccken zusammengestellt. Jetzt wurden die Ergebnisse des sogenannten TalentCampus im Kanzlerpalais (VHS-Forum) der \u00d6ffentlichkeit und den Eltern in einer Abschlusspr\u00e4sentation pr\u00e4sentiert.<\/p>\n<p>Unter dem Leitgedanken der Integration wurden verschiedene k\u00fcnstlerische Ausdrucksformen erarbeitet \u2013 vom Basteln und Malen \u00fcber das Tanzen, Trommeln und Singen bis hin zur Schauspielerei. Fuldas B\u00fcrgermeister Dag Wehner zeigte sich beeindruckt von den Ergebnissen der Ferienworkshops und lobte das Engagement der beteiligten Projektpartner und den pers\u00f6nlichen Einsatz der K\u00fcnstlerinnen und K\u00fcnstler sowie der p\u00e4dagogischen Kr\u00e4fte und der Koordinatorinnen Tatjana Hirsch und Irina B\u00f6hm. Auch der Gesch\u00e4ftsf\u00fchrer des AWO-Kreisverbands, Wolfram Latsch, erinnerte an die vielen Partner, die zum Gelingen des TalentCampus engagiert beigetragen haben \u2013 eines Projekts, das spielerisch Wege zu Kunst und Kultur er\u00f6ffnen will. <\/p>\n<p>Stichwort: Das Projekt \u201eTalentCampus\u201c wird im Rahmen des F\u00f6rderprogramms \u201eKultur macht Stark\u201c vom Bundesministerium f\u00fcr Bildung und Forschung gef\u00f6rdert. Die Projektpartner sind: Karnevalverein Ostendia e.V., Medienkompetenzzentrum Offener Kanal, AWO Fulda, Bewohnertreff am Jagdstein, VHS Stadt Fulda, Mehrgenerationenhaus Aschenberg, Bonifatiusschule sowie das Projekt Stadtteilm\u00fctter.<\/p>\n","protected":false},"excerpt":{"rendered":"<div class=\"tmnf_excerpt\"><p>Unter den beiden Mottos: \u201eWir gestalten unsere Welt\u201c und \u201eWir tanzen um die Welt\u201c haben rund 60 Kinder im Alter von 9 bis 13 Jahren aus dem Fuldaer Ostend\/Ziehers S\u00fcd und vom Aschenberg in der letzten Herbstferienwoche gemeinsam mit K\u00fcnstlern und P\u00e4dagogen in verschiedenen Workshops ein buntes Programm aus Kunst und Kunstst\u00fccken zusammengestellt. Jetzt wurden &hellip;<\/p>\n<\/div>","protected":false},"author":1,"featured_media":168936,"comment_status":"closed","ping_status":"closed","sticky":false,"template":"","format":"standard","meta":{"footnotes":""},"categories":[1],"tags":[],"class_list":["post-168933","post","type-post","status-publish","format-standard","has-post-thumbnail","hentry","category-startseite"],"_links":{"self":[{"href":"https:\/\/www.fuldaernachrichten.de\/index.php?rest_route=\/wp\/v2\/posts\/168933","targetHints":{"allow":["GET"]}}],"collection":[{"href":"https:\/\/www.fuldaernachrichten.de\/index.php?rest_route=\/wp\/v2\/posts"}],"about":[{"href":"https:\/\/www.fuldaernachrichten.de\/index.php?rest_route=\/wp\/v2\/types\/post"}],"author":[{"embeddable":true,"href":"https:\/\/www.fuldaernachrichten.de\/index.php?rest_route=\/wp\/v2\/users\/1"}],"replies":[{"embeddable":true,"href":"https:\/\/www.fuldaernachrichten.de\/index.php?rest_route=%2Fwp%2Fv2%2Fcomments&post=168933"}],"version-history":[{"count":1,"href":"https:\/\/www.fuldaernachrichten.de\/index.php?rest_route=\/wp\/v2\/posts\/168933\/revisions"}],"predecessor-version":[{"id":168937,"href":"https:\/\/www.fuldaernachrichten.de\/index.php?rest_route=\/wp\/v2\/posts\/168933\/revisions\/168937"}],"wp:featuredmedia":[{"embeddable":true,"href":"https:\/\/www.fuldaernachrichten.de\/index.php?rest_route=\/wp\/v2\/media\/168936"}],"wp:attachment":[{"href":"https:\/\/www.fuldaernachrichten.de\/index.php?rest_route=%2Fwp%2Fv2%2Fmedia&parent=168933"}],"wp:term":[{"taxonomy":"category","embeddable":true,"href":"https:\/\/www.fuldaernachrichten.de\/index.php?rest_route=%2Fwp%2Fv2%2Fcategories&post=168933"},{"taxonomy":"post_tag","embeddable":true,"href":"https:\/\/www.fuldaernachrichten.de\/index.php?rest_route=%2Fwp%2Fv2%2Ftags&post=168933"}],"curies":[{"name":"wp","href":"https:\/\/api.w.org\/{rel}","templated":true}]}}