{"id":168925,"date":"2017-10-27T08:44:15","date_gmt":"2017-10-27T06:44:15","guid":{"rendered":"http:\/\/www.fuldaer-nachrichten.de\/?p=168925"},"modified":"2017-10-27T08:44:15","modified_gmt":"2017-10-27T06:44:15","slug":"noch-rest-karten-fuer-winfriedpreis-verleihung","status":"publish","type":"post","link":"https:\/\/www.fuldaernachrichten.de\/?p=168925","title":{"rendered":"Noch Rest-Karten f\u00fcr Winfriedpreis-Verleihung"},"content":{"rendered":"<p>F\u00fcr die feierliche Verleihung des Winfriedpreises der Stadt Fulda an den ehemaligen Bundestagspr\u00e4sidenten Prof. Norbert Lammert am Samstag, 28. Oktober, um 11 Uhr im F\u00fcrstensaal des Fuldaer Stadtschlosses gibt es noch Restkarten. <\/p>\n<p>Alle interessierten B\u00fcrgerinnen und B\u00fcrger k\u00f6nnen sich bei der Stadtverwaltung Fulda, Abteilung Repr\u00e4sentation, unter der Telefonnummer (0661) 102-1065 oder -1067 als G\u00e4ste vormerken lassen und erhalten dann am Samstag Einlass. <\/p>\n","protected":false},"excerpt":{"rendered":"<div class=\"tmnf_excerpt\"><p>F\u00fcr die feierliche Verleihung des Winfriedpreises der Stadt Fulda an den ehemaligen Bundestagspr\u00e4sidenten Prof. Norbert Lammert am Samstag, 28. Oktober, um 11 Uhr im F\u00fcrstensaal des Fuldaer Stadtschlosses gibt es noch Restkarten. Alle interessierten B\u00fcrgerinnen und B\u00fcrger k\u00f6nnen sich bei der Stadtverwaltung Fulda, Abteilung Repr\u00e4sentation, unter der Telefonnummer (0661) 102-1065 oder -1067 als G\u00e4ste vormerken &hellip;<\/p>\n<\/div>","protected":false},"author":1,"featured_media":168931,"comment_status":"closed","ping_status":"closed","sticky":false,"template":"","format":"standard","meta":{"footnotes":""},"categories":[1],"tags":[],"class_list":["post-168925","post","type-post","status-publish","format-standard","has-post-thumbnail","hentry","category-startseite"],"_links":{"self":[{"href":"https:\/\/www.fuldaernachrichten.de\/index.php?rest_route=\/wp\/v2\/posts\/168925","targetHints":{"allow":["GET"]}}],"collection":[{"href":"https:\/\/www.fuldaernachrichten.de\/index.php?rest_route=\/wp\/v2\/posts"}],"about":[{"href":"https:\/\/www.fuldaernachrichten.de\/index.php?rest_route=\/wp\/v2\/types\/post"}],"author":[{"embeddable":true,"href":"https:\/\/www.fuldaernachrichten.de\/index.php?rest_route=\/wp\/v2\/users\/1"}],"replies":[{"embeddable":true,"href":"https:\/\/www.fuldaernachrichten.de\/index.php?rest_route=%2Fwp%2Fv2%2Fcomments&post=168925"}],"version-history":[{"count":1,"href":"https:\/\/www.fuldaernachrichten.de\/index.php?rest_route=\/wp\/v2\/posts\/168925\/revisions"}],"predecessor-version":[{"id":168934,"href":"https:\/\/www.fuldaernachrichten.de\/index.php?rest_route=\/wp\/v2\/posts\/168925\/revisions\/168934"}],"wp:featuredmedia":[{"embeddable":true,"href":"https:\/\/www.fuldaernachrichten.de\/index.php?rest_route=\/wp\/v2\/media\/168931"}],"wp:attachment":[{"href":"https:\/\/www.fuldaernachrichten.de\/index.php?rest_route=%2Fwp%2Fv2%2Fmedia&parent=168925"}],"wp:term":[{"taxonomy":"category","embeddable":true,"href":"https:\/\/www.fuldaernachrichten.de\/index.php?rest_route=%2Fwp%2Fv2%2Fcategories&post=168925"},{"taxonomy":"post_tag","embeddable":true,"href":"https:\/\/www.fuldaernachrichten.de\/index.php?rest_route=%2Fwp%2Fv2%2Ftags&post=168925"}],"curies":[{"name":"wp","href":"https:\/\/api.w.org\/{rel}","templated":true}]}}