{"id":168891,"date":"2017-10-27T08:39:52","date_gmt":"2017-10-27T06:39:52","guid":{"rendered":"http:\/\/www.fuldaer-nachrichten.de\/?p=168891"},"modified":"2017-10-27T08:39:52","modified_gmt":"2017-10-27T06:39:52","slug":"neue-aussenkletterwand-am-dav-kletterzentrum-fulda-wird-eroeffnet-330-m%c2%b2-neuer-kletterspass","status":"publish","type":"post","link":"https:\/\/www.fuldaernachrichten.de\/?p=168891","title":{"rendered":"Neue Au\u00dfenkletterwand am DAV Kletterzentrum Fulda wird er\u00f6ffnet &#8211; 330 m\u00c2\u00b2 neuer Kletterspa\u00df"},"content":{"rendered":"<p><a href=\"http:\/\/www.fuldaer-nachrichten.de\/wp-content\/uploads\/2017\/10\/DAV_EKW_1.jpg\"><img fetchpriority=\"high\" decoding=\"async\" src=\"http:\/\/www.fuldaer-nachrichten.de\/wp-content\/uploads\/2017\/10\/DAV_EKW_1-265x199.jpg\" alt=\"\" width=\"265\" height=\"199\" class=\"alignleft size-thumbnail wp-image-168896\" srcset=\"https:\/\/www.fuldaernachrichten.de\/wp-content\/uploads\/2017\/10\/DAV_EKW_1-265x199.jpg 265w, https:\/\/www.fuldaernachrichten.de\/wp-content\/uploads\/2017\/10\/DAV_EKW_1-768x576.jpg 768w, https:\/\/www.fuldaernachrichten.de\/wp-content\/uploads\/2017\/10\/DAV_EKW_1-600x450.jpg 600w, https:\/\/www.fuldaernachrichten.de\/wp-content\/uploads\/2017\/10\/DAV_EKW_1.jpg 900w\" sizes=\"(max-width: 265px) 100vw, 265px\" \/><\/a>Die DAV Sektion Fulda hat das sektionseigene Kletterzentrum um eine 330 m\u00c2\u00b2 gro\u00dfe Au\u00dfenkletterwand erweitert und er\u00f6ffnet diese am Sonntag, 5. November, mit einem Tag der offenen T\u00fcr. <\/p>\n<p>Am Kletterzentrum Fulda tut sich etwas: die DAV Sektion Fulda hat ihr sektionseigenes Kletterzentrum um eine neue, 330 m\u00c2\u00b2 gro\u00dfe Au\u00dfenkletterwand erweitert. Damit vergr\u00f6\u00dfert sich nicht nur die Gesamtzahl der Kletterfl\u00e4che auf rund 1.500 m\u00c2\u00b2 und um bis zu 30 neue Kletterrouten, sondern es ist nun auch m\u00f6glich, ganzj\u00e4hrigen Kletterspa\u00df im Freien mit Panoramablick auf Fulda zu erleben.<\/p>\n<p>Am Sonntag, 5. November, er\u00f6ffnet die DAV Sektion Fulda die neue Au\u00dfenkletterwand mit einem Tag der offenen T\u00fcr f\u00fcr die \u00d6ffentlichkeit. Unter dem Motto \u201e H\u00f6henluft schnuppern, Berge genie\u00dfen\u201c sind alle Kletterfans den ganzen Tag \u00fcber eingeladen, kostenfrei zu bouldern oder zu klettern und dabei nat\u00fcrlich \u2013 bei hoffentlich gutem Wetter \u2013 die neuen Routen der Au\u00dfenkletterwand ausgiebig zu testen. Alle Kletterneulinge haben zwischen 14 und 17 Uhr beim Probeklettern mit den Trainern der DAV Sektion Fulda die M\u00f6glichkeit, diesen Sport unter fachkundiger Anleitung kennen zu lernen.<br \/>\nErg\u00e4nzend zum sportlichen Angebot zeigt die DAV Sektion Fulda den ganzen Tag \u00fcber Filme zur Faszination Bergsport auf einer Gro\u00dfbildleinwand und h\u00e4lt alpine Snacks zur St\u00e4rkung der G\u00e4ste bereit.<\/p>\n","protected":false},"excerpt":{"rendered":"<div class=\"tmnf_excerpt\"><p>Die DAV Sektion Fulda hat das sektionseigene Kletterzentrum um eine 330 m\u00c2\u00b2 gro\u00dfe Au\u00dfenkletterwand erweitert und er\u00f6ffnet diese am Sonntag, 5. November, mit einem Tag der offenen T\u00fcr. Am Kletterzentrum Fulda tut sich etwas: die DAV Sektion Fulda hat ihr sektionseigenes Kletterzentrum um eine neue, 330 m\u00c2\u00b2 gro\u00dfe Au\u00dfenkletterwand erweitert. Damit vergr\u00f6\u00dfert sich nicht nur &hellip;<\/p>\n<\/div>","protected":false},"author":1,"featured_media":168897,"comment_status":"closed","ping_status":"closed","sticky":false,"template":"","format":"standard","meta":{"footnotes":""},"categories":[1],"tags":[],"class_list":["post-168891","post","type-post","status-publish","format-standard","has-post-thumbnail","hentry","category-startseite"],"_links":{"self":[{"href":"https:\/\/www.fuldaernachrichten.de\/index.php?rest_route=\/wp\/v2\/posts\/168891","targetHints":{"allow":["GET"]}}],"collection":[{"href":"https:\/\/www.fuldaernachrichten.de\/index.php?rest_route=\/wp\/v2\/posts"}],"about":[{"href":"https:\/\/www.fuldaernachrichten.de\/index.php?rest_route=\/wp\/v2\/types\/post"}],"author":[{"embeddable":true,"href":"https:\/\/www.fuldaernachrichten.de\/index.php?rest_route=\/wp\/v2\/users\/1"}],"replies":[{"embeddable":true,"href":"https:\/\/www.fuldaernachrichten.de\/index.php?rest_route=%2Fwp%2Fv2%2Fcomments&post=168891"}],"version-history":[{"count":1,"href":"https:\/\/www.fuldaernachrichten.de\/index.php?rest_route=\/wp\/v2\/posts\/168891\/revisions"}],"predecessor-version":[{"id":168898,"href":"https:\/\/www.fuldaernachrichten.de\/index.php?rest_route=\/wp\/v2\/posts\/168891\/revisions\/168898"}],"wp:featuredmedia":[{"embeddable":true,"href":"https:\/\/www.fuldaernachrichten.de\/index.php?rest_route=\/wp\/v2\/media\/168897"}],"wp:attachment":[{"href":"https:\/\/www.fuldaernachrichten.de\/index.php?rest_route=%2Fwp%2Fv2%2Fmedia&parent=168891"}],"wp:term":[{"taxonomy":"category","embeddable":true,"href":"https:\/\/www.fuldaernachrichten.de\/index.php?rest_route=%2Fwp%2Fv2%2Fcategories&post=168891"},{"taxonomy":"post_tag","embeddable":true,"href":"https:\/\/www.fuldaernachrichten.de\/index.php?rest_route=%2Fwp%2Fv2%2Ftags&post=168891"}],"curies":[{"name":"wp","href":"https:\/\/api.w.org\/{rel}","templated":true}]}}