{"id":168886,"date":"2017-10-27T08:38:03","date_gmt":"2017-10-27T06:38:03","guid":{"rendered":"http:\/\/www.fuldaer-nachrichten.de\/?p=168886"},"modified":"2017-10-27T08:38:03","modified_gmt":"2017-10-27T06:38:03","slug":"experimentieren-probieren-nachfragen-kinder-akademie-fulda-begeistert-schon-die-juengsten-fuer-naturwissenschaften","status":"publish","type":"post","link":"https:\/\/www.fuldaernachrichten.de\/?p=168886","title":{"rendered":"Experimentieren, probieren, nachfragen: Kinder-Akademie Fulda   begeistert schon die J\u00fcngsten f\u00fcr Naturwissenschaften"},"content":{"rendered":"<p>Wie k\u00f6nnen Kinder in den Bereichen Mathematik, Informatik, Naturwissenschaften und Technik (MINT) gef\u00f6rdert werden? \u201eExperimentieren, probieren und nachfragen: Kinder im Vorschulalter haben einen gro\u00dfen Wissensdurst\u201c, unterstrich Familienminister Stefan Gr\u00fcttner, der sich heute \u00fcber die Aktivit\u00e4ten der Kinder-Akademie Fulda zum Thema MINT informiert hat. \u201eUnsere Kinder wachsen in ein von Naturwissenschaften und Technik gepr\u00e4gtes Leben hinein. Zahlreiche wissenschaftliche Untersuchungen belegen, dass schon die  J\u00fcngsten \u00fcber die kognitiven Voraussetzungen verf\u00fcgen, die Welt zu erkunden und Theorien \u00fcber diese zu bilden. Kinder stellen dabei Fragen \u00fcber Zusammenh\u00e4nge und Wirkungsbereiche und ihre Wissbegierde ist ohne Grenzen\u201c, betonte der Minister. <\/p>\n<p>Die Kinder-Akademie f\u00fchrt regelm\u00e4\u00dfig im Auftrag des Hessischen Ministeriums f\u00fcr Soziales und Integration Fortbildungsveranstaltungen f\u00fcr Erzieherinnen und Erzieher zu dem Themenbereich \u201eNaturwissenschaft im Vorschulalter\u201c, \u201eMathematik im Vorschulalter\u201c \u201eMINT im Vorschulalter\u201c (Mathematik, Informatik, Naturwissenschaft und Technik), Erfinder-Werkstatt im Vorschulalter sowie Zahlenwerkstatt im Vorschulalter durch. Die Veranstaltungen, die praxisnah konzipiert sind, um die Umsetzung in den Kindertageseinrichtungen zu gew\u00e4hrleisten, richten sich an Erzieherinnen und Erzieher. und sollen diese darin best\u00e4rken, dem Wissensdurst der Kinder offen zu begegnen und sie zur eigenst\u00e4ndigen Durchf\u00fchrung naturwissenschaftlicher oder mathematischer Projekte in Kindertagesst\u00e4tten zu bef\u00e4higen. <\/p>\n<p>\u201eF\u00fcr die Durchf\u00fchrung der Fortbildung ist die Kinder-Akademie insbesondere auch wegen ihrer einzigartigen Ausstattung und der damit verbundenen einmaligen Lernatmosph\u00e4re besonders geeignet\u201c, lobte Gr\u00fcttner, der sich auch \u00fcber den MINTmachCLUB der Kinder-Akademie informierte. Ziel des MINTmachCLUB ist es, die MINT-Kompetenzen von Menschen jeden Alters in der Region Fulda nachhaltig zu begeistern und zu f\u00f6rdern. Durch ihr breit gef\u00e4chertes und aufeinander aufbauendes Angebot k\u00f6nnen alle Entwicklungsphasen von Kindern und Jugendlichen ber\u00fccksichtigt werden, auch Erwachsene werden durch das Konzept erreicht. <\/p>\n","protected":false},"excerpt":{"rendered":"<div class=\"tmnf_excerpt\"><p>Wie k\u00f6nnen Kinder in den Bereichen Mathematik, Informatik, Naturwissenschaften und Technik (MINT) gef\u00f6rdert werden? \u201eExperimentieren, probieren und nachfragen: Kinder im Vorschulalter haben einen gro\u00dfen Wissensdurst\u201c, unterstrich Familienminister Stefan Gr\u00fcttner, der sich heute \u00fcber die Aktivit\u00e4ten der Kinder-Akademie Fulda zum Thema MINT informiert hat. \u201eUnsere Kinder wachsen in ein von Naturwissenschaften und Technik gepr\u00e4gtes Leben hinein. &hellip;<\/p>\n<\/div>","protected":false},"author":1,"featured_media":168889,"comment_status":"closed","ping_status":"closed","sticky":false,"template":"","format":"standard","meta":{"footnotes":""},"categories":[1],"tags":[],"class_list":["post-168886","post","type-post","status-publish","format-standard","has-post-thumbnail","hentry","category-startseite"],"_links":{"self":[{"href":"https:\/\/www.fuldaernachrichten.de\/index.php?rest_route=\/wp\/v2\/posts\/168886","targetHints":{"allow":["GET"]}}],"collection":[{"href":"https:\/\/www.fuldaernachrichten.de\/index.php?rest_route=\/wp\/v2\/posts"}],"about":[{"href":"https:\/\/www.fuldaernachrichten.de\/index.php?rest_route=\/wp\/v2\/types\/post"}],"author":[{"embeddable":true,"href":"https:\/\/www.fuldaernachrichten.de\/index.php?rest_route=\/wp\/v2\/users\/1"}],"replies":[{"embeddable":true,"href":"https:\/\/www.fuldaernachrichten.de\/index.php?rest_route=%2Fwp%2Fv2%2Fcomments&post=168886"}],"version-history":[{"count":1,"href":"https:\/\/www.fuldaernachrichten.de\/index.php?rest_route=\/wp\/v2\/posts\/168886\/revisions"}],"predecessor-version":[{"id":168890,"href":"https:\/\/www.fuldaernachrichten.de\/index.php?rest_route=\/wp\/v2\/posts\/168886\/revisions\/168890"}],"wp:featuredmedia":[{"embeddable":true,"href":"https:\/\/www.fuldaernachrichten.de\/index.php?rest_route=\/wp\/v2\/media\/168889"}],"wp:attachment":[{"href":"https:\/\/www.fuldaernachrichten.de\/index.php?rest_route=%2Fwp%2Fv2%2Fmedia&parent=168886"}],"wp:term":[{"taxonomy":"category","embeddable":true,"href":"https:\/\/www.fuldaernachrichten.de\/index.php?rest_route=%2Fwp%2Fv2%2Fcategories&post=168886"},{"taxonomy":"post_tag","embeddable":true,"href":"https:\/\/www.fuldaernachrichten.de\/index.php?rest_route=%2Fwp%2Fv2%2Ftags&post=168886"}],"curies":[{"name":"wp","href":"https:\/\/api.w.org\/{rel}","templated":true}]}}