{"id":168849,"date":"2017-10-25T05:45:08","date_gmt":"2017-10-25T03:45:08","guid":{"rendered":"http:\/\/www.fuldaer-nachrichten.de\/?p=168849"},"modified":"2017-10-25T05:45:08","modified_gmt":"2017-10-25T03:45:08","slug":"tagesfahrt-nach-frankfurt-zum-museum-fuer-kommunikation","status":"publish","type":"post","link":"https:\/\/www.fuldaernachrichten.de\/?p=168849","title":{"rendered":"Tagesfahrt nach Frankfurt zum Museum f\u00fcr Kommunikation"},"content":{"rendered":"<p>Auf der Suche nach Ursprung und Bedeutung von Sprichw\u00f6rtern und Redensarten veranstaltet die St\u00e4dtische Volkshochschule am Mittwoch, 01.11.17  eine Fahrt zum Museum f\u00fcr Kommunikation mit einer F\u00fchrung durch die Sonderausstellung &#8220;Mein Name ist Hase!&#8221; Anmeldungen zu dieser Tagesfahrt unter Leitung von Jutta Sporer nimmt die vhs-Gesch\u00e4ftsstelle unter Tel.-Nr.: 0661\/102-1477 oder -1474 entgegen.<\/p>\n","protected":false},"excerpt":{"rendered":"<div class=\"tmnf_excerpt\"><p>Auf der Suche nach Ursprung und Bedeutung von Sprichw\u00f6rtern und Redensarten veranstaltet die St\u00e4dtische Volkshochschule am Mittwoch, 01.11.17 eine Fahrt zum Museum f\u00fcr Kommunikation mit einer F\u00fchrung durch die Sonderausstellung &#8220;Mein Name ist Hase!&#8221; Anmeldungen zu dieser Tagesfahrt unter Leitung von Jutta Sporer nimmt die vhs-Gesch\u00e4ftsstelle unter Tel.-Nr.: 0661\/102-1477 oder -1474 entgegen.<\/p>\n<\/div>","protected":false},"author":1,"featured_media":0,"comment_status":"closed","ping_status":"closed","sticky":false,"template":"","format":"standard","meta":{"footnotes":""},"categories":[1],"tags":[],"class_list":["post-168849","post","type-post","status-publish","format-standard","hentry","category-startseite"],"_links":{"self":[{"href":"https:\/\/www.fuldaernachrichten.de\/index.php?rest_route=\/wp\/v2\/posts\/168849","targetHints":{"allow":["GET"]}}],"collection":[{"href":"https:\/\/www.fuldaernachrichten.de\/index.php?rest_route=\/wp\/v2\/posts"}],"about":[{"href":"https:\/\/www.fuldaernachrichten.de\/index.php?rest_route=\/wp\/v2\/types\/post"}],"author":[{"embeddable":true,"href":"https:\/\/www.fuldaernachrichten.de\/index.php?rest_route=\/wp\/v2\/users\/1"}],"replies":[{"embeddable":true,"href":"https:\/\/www.fuldaernachrichten.de\/index.php?rest_route=%2Fwp%2Fv2%2Fcomments&post=168849"}],"version-history":[{"count":1,"href":"https:\/\/www.fuldaernachrichten.de\/index.php?rest_route=\/wp\/v2\/posts\/168849\/revisions"}],"predecessor-version":[{"id":168850,"href":"https:\/\/www.fuldaernachrichten.de\/index.php?rest_route=\/wp\/v2\/posts\/168849\/revisions\/168850"}],"wp:attachment":[{"href":"https:\/\/www.fuldaernachrichten.de\/index.php?rest_route=%2Fwp%2Fv2%2Fmedia&parent=168849"}],"wp:term":[{"taxonomy":"category","embeddable":true,"href":"https:\/\/www.fuldaernachrichten.de\/index.php?rest_route=%2Fwp%2Fv2%2Fcategories&post=168849"},{"taxonomy":"post_tag","embeddable":true,"href":"https:\/\/www.fuldaernachrichten.de\/index.php?rest_route=%2Fwp%2Fv2%2Ftags&post=168849"}],"curies":[{"name":"wp","href":"https:\/\/api.w.org\/{rel}","templated":true}]}}