{"id":16879,"date":"2008-12-11T19:07:22","date_gmt":"2008-12-11T18:07:22","guid":{"rendered":"http:\/\/www.schoene-nachrichten.de\/?p=16879"},"modified":"2008-12-15T12:59:37","modified_gmt":"2008-12-15T11:59:37","slug":"in-jeder-sekunde-kinostart-11122008","status":"publish","type":"post","link":"https:\/\/www.fuldaernachrichten.de\/?p=16879","title":{"rendered":"In jeder Sekunde &#8211; Kinostart: 11.12.2008"},"content":{"rendered":"<p><strong><img fetchpriority=\"high\" decoding=\"async\" class=\"alignleft size-thumbnail wp-image-16883\" title=\"081214_sekunde1\" src=\"http:\/\/www.schoene-nachrichten.de\/wp-content\/uploads\/2008\/12\/081214_sekunde1-265x375.jpg\" alt=\"081214_sekunde1\" width=\"265\" height=\"375\" srcset=\"https:\/\/www.fuldaernachrichten.de\/wp-content\/uploads\/2008\/12\/081214_sekunde1-265x375.jpg 265w, https:\/\/www.fuldaernachrichten.de\/wp-content\/uploads\/2008\/12\/081214_sekunde1.jpg 564w\" sizes=\"(max-width: 265px) 100vw, 265px\" \/>Kino. <\/strong>Dr. Frick (Sebastian Koch) leitet die psychiatrische Station einer Klinik. Mit seiner Frau Anna (Barbara Auer) hat er eine elfj\u00e4hrige Tochter, die an einer Erbkrankheit leidet. Anna kommt mit der Krankheit ihres Kindes nur sehr schwer zurecht. Auch, dass Frick sich in seiner Freizeit nur noch auf das Kind konzentriert, belastet die Ehe immer st\u00e4rker. Er fl\u00fcchtet sich zunehmend in penible berufliche Pflichterf\u00fcllung. Pflicht und Moral sind f\u00fcr den gro\u00dfspurigen Christoph (Wotan Wilke M\u00f6hring) Fremdw\u00f6rter: Oberfl\u00e4chlich und narzisstisch w\u00e4hnt sich der Veranstaltungsmanager auf der \u00dcberholspur des Lebens. Seine Freundin Sarah (Mina Tander) leidet in der chaotischen Beziehung und beendet diese. Schon bald lernt sie den liebevollen Ben (Ronald Zehrfeld) kennen. Als dieser endlich den ersehnten Job als Fotograf erh\u00e4lt, m\u00fcssen sich er und Sarah f\u00fcr ein paar Wochen trennen, ohne zu ahnen, dass Sarah schwanger geworden ist.<\/p>\n<p>Fricks geordnete Welt droht aus den Fugen zu geraten, als er die Galeristin Luisa (Jenny Schily) kennen lernt und sich in sie verliebt. Zun\u00e4chst wehrt er sich gegen seine Gef\u00fchle, die er lang in sich vermisste. Luisa aber beharrt sanft auf ihrer Liebe. Die Liebe leben m\u00f6chte auch Ben, als er von seiner Reise zur\u00fcckkehrt, doch Sarah scheint wie vom Erdboden verschluckt zu sein. Das Drama nimmt seinen Lauf, als Ben sich auf die Suche nach ihr macht und sich Bens und Luisas Wege f\u00fcr wenige Sekunden kreuzen &#8230;<\/p>\n","protected":false},"excerpt":{"rendered":"<div class=\"tmnf_excerpt\"><p>Kino. Dr. Frick (Sebastian Koch) leitet die psychiatrische Station einer Klinik. Mit seiner Frau Anna (Barbara Auer) hat er eine elfj\u00e4hrige Tochter, die an einer Erbkrankheit leidet. Anna kommt mit der Krankheit ihres Kindes nur sehr schwer zurecht. Auch, dass Frick sich in seiner Freizeit nur noch auf das Kind konzentriert, belastet die Ehe immer &hellip;<\/p>\n<\/div>","protected":false},"author":1,"featured_media":0,"comment_status":"closed","ping_status":"closed","sticky":false,"template":"","format":"standard","meta":{"footnotes":""},"categories":[1,79],"tags":[],"class_list":["post-16879","post","type-post","status-publish","format-standard","hentry","category-startseite","category-kino"],"_links":{"self":[{"href":"https:\/\/www.fuldaernachrichten.de\/index.php?rest_route=\/wp\/v2\/posts\/16879","targetHints":{"allow":["GET"]}}],"collection":[{"href":"https:\/\/www.fuldaernachrichten.de\/index.php?rest_route=\/wp\/v2\/posts"}],"about":[{"href":"https:\/\/www.fuldaernachrichten.de\/index.php?rest_route=\/wp\/v2\/types\/post"}],"author":[{"embeddable":true,"href":"https:\/\/www.fuldaernachrichten.de\/index.php?rest_route=\/wp\/v2\/users\/1"}],"replies":[{"embeddable":true,"href":"https:\/\/www.fuldaernachrichten.de\/index.php?rest_route=%2Fwp%2Fv2%2Fcomments&post=16879"}],"version-history":[{"count":9,"href":"https:\/\/www.fuldaernachrichten.de\/index.php?rest_route=\/wp\/v2\/posts\/16879\/revisions"}],"predecessor-version":[{"id":17254,"href":"https:\/\/www.fuldaernachrichten.de\/index.php?rest_route=\/wp\/v2\/posts\/16879\/revisions\/17254"}],"wp:attachment":[{"href":"https:\/\/www.fuldaernachrichten.de\/index.php?rest_route=%2Fwp%2Fv2%2Fmedia&parent=16879"}],"wp:term":[{"taxonomy":"category","embeddable":true,"href":"https:\/\/www.fuldaernachrichten.de\/index.php?rest_route=%2Fwp%2Fv2%2Fcategories&post=16879"},{"taxonomy":"post_tag","embeddable":true,"href":"https:\/\/www.fuldaernachrichten.de\/index.php?rest_route=%2Fwp%2Fv2%2Ftags&post=16879"}],"curies":[{"name":"wp","href":"https:\/\/api.w.org\/{rel}","templated":true}]}}