{"id":168639,"date":"2017-10-16T20:42:17","date_gmt":"2017-10-16T18:42:17","guid":{"rendered":"http:\/\/www.fuldaer-nachrichten.de\/?p=168639"},"modified":"2017-10-16T20:42:17","modified_gmt":"2017-10-16T18:42:17","slug":"buen-vivir-das-recht-auf-ein-gutes-leben-konzertlesung-mit-alberto-acosta-und-grupo-sal","status":"publish","type":"post","link":"https:\/\/www.fuldaernachrichten.de\/?p=168639","title":{"rendered":"Buen Vivir \u2013 Das Recht auf ein Gutes Leben &#8211; Konzertlesung mit Alberto Acosta und Grupo Sal"},"content":{"rendered":"<p>Zu einer Konzertlesung mit Alberto Acosta, ehemaliger Energieminister Ecuadors und der Musikgruppe \u201eGrupo Sal\u201c am Mittwoch, dem 25.Oktober 2017 um 19:00 Uhr im Bonifatiushaus Fulda  l\u00e4dt das Solidarit\u00e4tswerk der KAB Fulda \u2013 zusammen mit vielen weiteren Veranstaltern \u2013 ein.<\/p>\n<p>Mit der Konzertlesung  tr\u00e4gt die lateinamerikanische Kult-Band Grupo Sal zu einer wichtigen Diskussion bei. Der Ecuadorianer Alberto Acosta geh\u00f6rt zu den f\u00fchrenden Intellektuellen Lateinamerikas und ist der bedeutendste Verfechter des Konzepts \u201eBuen Vivir\u201c. Das indigene Konzept &#8220;Buen Vivir&#8221; (Gutes Leben) propagiert &#8211; neben einem Leben im Einklang mit der Natur &#8211; eine neue \u201eEthik der Entwicklung\u201c, ein soziales und solidarisches Wirtschaften und eine Ver\u00e4nderung im Lebens- und Politikstil. Die Veranstaltung verbindet die politische Debatte mit einer sinnlichen und k\u00fcnstlerischen Dimension &#8211; T\u00f6nen aus Lateinamerika &#8211; da &#8220;Gutes Leben&#8221; auch immer etwas mit Kultur zu tun hat.<\/p>\n<p>Eintrittskarten k\u00f6nnen im Vorverkauf beim Weltladen Fulda, L\u00f6herstra\u00dfe und an der Pforte des Bonifatiushauses Fulda-Neuenberg erworben werden. Kartenreservierungen f\u00fcr die Abendkasse sind m\u00f6glich \u00fcber die KAB Fulda, Telefon: 0661-73433. Einlass ist ab 18:00 Uhr.<\/p>\n","protected":false},"excerpt":{"rendered":"<div class=\"tmnf_excerpt\"><p>Zu einer Konzertlesung mit Alberto Acosta, ehemaliger Energieminister Ecuadors und der Musikgruppe \u201eGrupo Sal\u201c am Mittwoch, dem 25.Oktober 2017 um 19:00 Uhr im Bonifatiushaus Fulda l\u00e4dt das Solidarit\u00e4tswerk der KAB Fulda \u2013 zusammen mit vielen weiteren Veranstaltern \u2013 ein. Mit der Konzertlesung tr\u00e4gt die lateinamerikanische Kult-Band Grupo Sal zu einer wichtigen Diskussion bei. Der Ecuadorianer &hellip;<\/p>\n<\/div>","protected":false},"author":1,"featured_media":0,"comment_status":"closed","ping_status":"closed","sticky":false,"template":"","format":"standard","meta":{"footnotes":""},"categories":[1],"tags":[],"class_list":["post-168639","post","type-post","status-publish","format-standard","hentry","category-startseite"],"_links":{"self":[{"href":"https:\/\/www.fuldaernachrichten.de\/index.php?rest_route=\/wp\/v2\/posts\/168639","targetHints":{"allow":["GET"]}}],"collection":[{"href":"https:\/\/www.fuldaernachrichten.de\/index.php?rest_route=\/wp\/v2\/posts"}],"about":[{"href":"https:\/\/www.fuldaernachrichten.de\/index.php?rest_route=\/wp\/v2\/types\/post"}],"author":[{"embeddable":true,"href":"https:\/\/www.fuldaernachrichten.de\/index.php?rest_route=\/wp\/v2\/users\/1"}],"replies":[{"embeddable":true,"href":"https:\/\/www.fuldaernachrichten.de\/index.php?rest_route=%2Fwp%2Fv2%2Fcomments&post=168639"}],"version-history":[{"count":1,"href":"https:\/\/www.fuldaernachrichten.de\/index.php?rest_route=\/wp\/v2\/posts\/168639\/revisions"}],"predecessor-version":[{"id":168654,"href":"https:\/\/www.fuldaernachrichten.de\/index.php?rest_route=\/wp\/v2\/posts\/168639\/revisions\/168654"}],"wp:attachment":[{"href":"https:\/\/www.fuldaernachrichten.de\/index.php?rest_route=%2Fwp%2Fv2%2Fmedia&parent=168639"}],"wp:term":[{"taxonomy":"category","embeddable":true,"href":"https:\/\/www.fuldaernachrichten.de\/index.php?rest_route=%2Fwp%2Fv2%2Fcategories&post=168639"},{"taxonomy":"post_tag","embeddable":true,"href":"https:\/\/www.fuldaernachrichten.de\/index.php?rest_route=%2Fwp%2Fv2%2Ftags&post=168639"}],"curies":[{"name":"wp","href":"https:\/\/api.w.org\/{rel}","templated":true}]}}