{"id":168618,"date":"2017-10-14T06:50:51","date_gmt":"2017-10-14T04:50:51","guid":{"rendered":"http:\/\/www.fuldaer-nachrichten.de\/?p=168618"},"modified":"2017-10-14T06:50:51","modified_gmt":"2017-10-14T04:50:51","slug":"die-reformation-in-oekumenischer-sicht","status":"publish","type":"post","link":"https:\/\/www.fuldaernachrichten.de\/?p=168618","title":{"rendered":"Die Reformation in \u00f6kumenischer Sicht"},"content":{"rendered":"<p>31. Oktober 1517: Martin Luther macht seine 95 Thesen bekannt. 2017 wird der Reformation vor 500 Jahren gedacht. Sie wird gefeiert und zugleich in Frage gestellt: Gibt es 2017 \u00fcberhaupt etwas zu feiern? Diese Frage ist am Donnerstag, 19., Oktober, Thema in Heubachs ehemaliger Synagoge (Friedensstra\u00dfe 9). Der Referent, der in Heubach aufgewachsene Pfarrer Karl Josef Gruber, geht das Thema in \u00f6kumenischer Perspektive an, wirft einen Blick auf das Reformationsjubil\u00e4um, gibt Einblick in die Voraussetzungen und die Durchf\u00fchrung und schlie\u00dft mit Impulsen f\u00fcr die weitere \u00f6kumenische Diskussion. Beginn ist um 19.30 Uhr; der Eintritt ist frei, der F\u00f6rderverein bittet um eine Spende.<\/p>\n","protected":false},"excerpt":{"rendered":"<div class=\"tmnf_excerpt\"><p>31. Oktober 1517: Martin Luther macht seine 95 Thesen bekannt. 2017 wird der Reformation vor 500 Jahren gedacht. Sie wird gefeiert und zugleich in Frage gestellt: Gibt es 2017 \u00fcberhaupt etwas zu feiern? Diese Frage ist am Donnerstag, 19., Oktober, Thema in Heubachs ehemaliger Synagoge (Friedensstra\u00dfe 9). Der Referent, der in Heubach aufgewachsene Pfarrer Karl &hellip;<\/p>\n<\/div>","protected":false},"author":1,"featured_media":168619,"comment_status":"closed","ping_status":"closed","sticky":false,"template":"","format":"standard","meta":{"footnotes":""},"categories":[1],"tags":[],"class_list":["post-168618","post","type-post","status-publish","format-standard","has-post-thumbnail","hentry","category-startseite"],"_links":{"self":[{"href":"https:\/\/www.fuldaernachrichten.de\/index.php?rest_route=\/wp\/v2\/posts\/168618","targetHints":{"allow":["GET"]}}],"collection":[{"href":"https:\/\/www.fuldaernachrichten.de\/index.php?rest_route=\/wp\/v2\/posts"}],"about":[{"href":"https:\/\/www.fuldaernachrichten.de\/index.php?rest_route=\/wp\/v2\/types\/post"}],"author":[{"embeddable":true,"href":"https:\/\/www.fuldaernachrichten.de\/index.php?rest_route=\/wp\/v2\/users\/1"}],"replies":[{"embeddable":true,"href":"https:\/\/www.fuldaernachrichten.de\/index.php?rest_route=%2Fwp%2Fv2%2Fcomments&post=168618"}],"version-history":[{"count":1,"href":"https:\/\/www.fuldaernachrichten.de\/index.php?rest_route=\/wp\/v2\/posts\/168618\/revisions"}],"predecessor-version":[{"id":168620,"href":"https:\/\/www.fuldaernachrichten.de\/index.php?rest_route=\/wp\/v2\/posts\/168618\/revisions\/168620"}],"wp:featuredmedia":[{"embeddable":true,"href":"https:\/\/www.fuldaernachrichten.de\/index.php?rest_route=\/wp\/v2\/media\/168619"}],"wp:attachment":[{"href":"https:\/\/www.fuldaernachrichten.de\/index.php?rest_route=%2Fwp%2Fv2%2Fmedia&parent=168618"}],"wp:term":[{"taxonomy":"category","embeddable":true,"href":"https:\/\/www.fuldaernachrichten.de\/index.php?rest_route=%2Fwp%2Fv2%2Fcategories&post=168618"},{"taxonomy":"post_tag","embeddable":true,"href":"https:\/\/www.fuldaernachrichten.de\/index.php?rest_route=%2Fwp%2Fv2%2Ftags&post=168618"}],"curies":[{"name":"wp","href":"https:\/\/api.w.org\/{rel}","templated":true}]}}