{"id":168590,"date":"2017-10-12T07:49:00","date_gmt":"2017-10-12T05:49:00","guid":{"rendered":"http:\/\/www.fuldaer-nachrichten.de\/?p=168590"},"modified":"2017-10-12T07:49:00","modified_gmt":"2017-10-12T05:49:00","slug":"alsfeld-bewegt-foerdert-bewegungsprojekte-fuer-kinder-und-jugendliche-bewerbungsfrist-noch-bis-31-10","status":"publish","type":"post","link":"https:\/\/www.fuldaernachrichten.de\/?p=168590","title":{"rendered":"Alsfeld bewegt f\u00f6rdert Bewegungsprojekte f\u00fcr Kinder und Jugendliche \u2013 Bewerbungsfrist noch bis 31.10."},"content":{"rendered":"<p>Vier Wochen sind vergangen, seit der Alsfelder Charity-Lauf \u201eAlsfeld bewegt\u201c zum vierten Mal \u00fcber die B\u00fchne ging. Mit einem neuen L\u00e4ufer- und Besucherrekord, \u00fcber den die Macherinnen und Macher rund um Achim Spychalski-Merle sich sehr gefreut haben und der nun einen weiteren Rekord nach sich zieht. \u201eNachdem nun alle offenen Rechnungen von den Getr\u00e4nken \u00fcber die Gema bis hin zu den Versicherungen gezahlt sind, k\u00f6nnen wir stolz vermelden, dass wir in diesem Jahr 11.000 Euro f\u00fcr bewegte Projekte in der Kinder- und Jugendarbeit ausgeben k\u00f6nnen\u201c, freut sich Spychalski-Merle. \u201eM\u00f6glich geworden ist dies zum einen nat\u00fcrlich durch unseren diesj\u00e4hrigen L\u00e4uferrekord, zum anderen aber auch, weil alle Helferinnen und Helfer \u2013 vom Streckenposten \u00fcber den DJ und die Moderatorin bis hin zu den Getr\u00e4nkeverk\u00e4ufern und unseren Fotografen \u2013 kostenlos arbeiten. Dazu kommen zahlreiche gro\u00dfz\u00fcgige Sponsoren. Hinter diesem Projekt stehen wirklich viele, viele Menschen, die sich f\u00fcr die gute Idee hinter dem Lauf begeistern.\u201c <\/p>\n<p>Schon einige Bewerbungen um die F\u00f6rderungen unterschiedlicher Bewegungsprojekte liegen dem Team von \u201eAlsfeld bewegt\u201c bereits vor. \u201eAber wir w\u00fcrden uns freuen, wenn noch ein paar dazuk\u00e4men\u201c, gibt Tanja Bohn bekannt. Noch bis zum 31.10. k\u00f6nnen sich Schulen, Vereine, Kitas und andere Einrichtungen auf der Website www.alsfeld-bewegt.de die Bewerbungsunterlagen herunterladen und an das Team schicken. \u201eWir sind wirklich alle gespannt, welche guten Bewegungsideen f\u00fcr Kinder und Jugendliche bei uns landen\u201c, so Dierk Bublitz. Ausgew\u00e4hlt und informiert werden die Empf\u00e4nger von der Jury im Orga-Team noch vor Weihnachten \u201eSo k\u00f6nnen sich p\u00fcnktlich zum Fest \u00fcber einen warmen Regen freuen!\u201c<\/p>\n","protected":false},"excerpt":{"rendered":"<div class=\"tmnf_excerpt\"><p>Vier Wochen sind vergangen, seit der Alsfelder Charity-Lauf \u201eAlsfeld bewegt\u201c zum vierten Mal \u00fcber die B\u00fchne ging. Mit einem neuen L\u00e4ufer- und Besucherrekord, \u00fcber den die Macherinnen und Macher rund um Achim Spychalski-Merle sich sehr gefreut haben und der nun einen weiteren Rekord nach sich zieht. \u201eNachdem nun alle offenen Rechnungen von den Getr\u00e4nken \u00fcber &hellip;<\/p>\n<\/div>","protected":false},"author":1,"featured_media":168591,"comment_status":"closed","ping_status":"closed","sticky":false,"template":"","format":"standard","meta":{"footnotes":""},"categories":[1],"tags":[],"class_list":["post-168590","post","type-post","status-publish","format-standard","has-post-thumbnail","hentry","category-startseite"],"_links":{"self":[{"href":"https:\/\/www.fuldaernachrichten.de\/index.php?rest_route=\/wp\/v2\/posts\/168590","targetHints":{"allow":["GET"]}}],"collection":[{"href":"https:\/\/www.fuldaernachrichten.de\/index.php?rest_route=\/wp\/v2\/posts"}],"about":[{"href":"https:\/\/www.fuldaernachrichten.de\/index.php?rest_route=\/wp\/v2\/types\/post"}],"author":[{"embeddable":true,"href":"https:\/\/www.fuldaernachrichten.de\/index.php?rest_route=\/wp\/v2\/users\/1"}],"replies":[{"embeddable":true,"href":"https:\/\/www.fuldaernachrichten.de\/index.php?rest_route=%2Fwp%2Fv2%2Fcomments&post=168590"}],"version-history":[{"count":1,"href":"https:\/\/www.fuldaernachrichten.de\/index.php?rest_route=\/wp\/v2\/posts\/168590\/revisions"}],"predecessor-version":[{"id":168592,"href":"https:\/\/www.fuldaernachrichten.de\/index.php?rest_route=\/wp\/v2\/posts\/168590\/revisions\/168592"}],"wp:featuredmedia":[{"embeddable":true,"href":"https:\/\/www.fuldaernachrichten.de\/index.php?rest_route=\/wp\/v2\/media\/168591"}],"wp:attachment":[{"href":"https:\/\/www.fuldaernachrichten.de\/index.php?rest_route=%2Fwp%2Fv2%2Fmedia&parent=168590"}],"wp:term":[{"taxonomy":"category","embeddable":true,"href":"https:\/\/www.fuldaernachrichten.de\/index.php?rest_route=%2Fwp%2Fv2%2Fcategories&post=168590"},{"taxonomy":"post_tag","embeddable":true,"href":"https:\/\/www.fuldaernachrichten.de\/index.php?rest_route=%2Fwp%2Fv2%2Ftags&post=168590"}],"curies":[{"name":"wp","href":"https:\/\/api.w.org\/{rel}","templated":true}]}}