{"id":168553,"date":"2017-10-11T09:06:37","date_gmt":"2017-10-11T07:06:37","guid":{"rendered":"http:\/\/www.fuldaer-nachrichten.de\/?p=168553"},"modified":"2017-10-11T09:06:37","modified_gmt":"2017-10-11T07:06:37","slug":"stufenkonferenzen-der-dpsg-im-bistum-fulda","status":"publish","type":"post","link":"https:\/\/www.fuldaernachrichten.de\/?p=168553","title":{"rendered":"Stufenkonferenzen der DPSG im Bistum Fulda"},"content":{"rendered":"<p>Jedes Jahr im Herbst ist es soweit: die Stufenkonferenzen der Deutschen Pfadfinderschaft St. Georg (DPSG) im Bistum Fulda stehen an, das Treffen der Gruppenleiterinnen und Gruppenleiter aus den Pfadfinderst\u00e4mmen in der Di\u00f6zese Fulda. Fast 100 von ihnen trafen sich am Thomas-Morus-Haus am Buchschirm bei Hilders, um sich auszutauschen und thematisch zu arbeiten. <\/p>\n<p>In diesem Jahr fand die Veranstaltung anders als in den Jahren zuvor im Fr\u00fchherbst statt, um eine \u201eechte\u201c Pfadfinderveranstaltung m\u00f6glich zu machen, n\u00e4mlich das Schlafen und Tagen in den f\u00fcr die Pfadfinderarbeit typischen Schwarzzelten. Und so wurde durch den Vortrupp ab Donnerstag eine Vielzahl von Zelten aufgebaut, um f\u00fcr das Wochenende einen sch\u00f6nen Rahmen zu schaffen.<\/p>\n<p>Anders als in den Jahren zuvor war nicht nur der \u00e4u\u00dfere Rahmen, sondern auch programmtechnisch gab es Neuerungen. Hatten in den Jahren zuvor die Leiterinnen und Leiter der einzelnen Altersstufen spezifisch zu Themen der von ihnen betreuten Kindern und Jugendlichen gearbeitet, so stand in diesem Jahr eine breite Auswahl an thematischen Workshops zur Auswahl, in die sich die Teilnehmerinnen und Teilnehmer zuvor hatten einw\u00e4hlen k\u00f6nnen. \u201eRichtig gut war es, sich auch mal mit den Leiterinnen und Leitern aus den anderen Stufen auszutauschen und auch mit ihnen Zeit zu verbringen und sie kennen zu lernen\u201c, so die R\u00fcckmeldung auf diese Ver\u00e4nderung.<\/p>\n<p>Am Sonntag schlie\u00dflich trafen sich die Stufen (W\u00f6lflinge, Jungpfadfinder, Pfadfinder und Rover) zu ihren Konferenzteilen, um Delegierte f\u00fcr die Di\u00f6zesanversammlung 2018 zu w\u00e4hlen und das kommende Jahr gemeinsam zu planen. <\/p>\n<p>Neben dem inhaltlichen Programm kam aber auch das gemeinsame Erleben nicht zu kurz. So sorgten Morgen- und Abendrunden, Lagerfeuer und der Gottesdienst mit Di\u00f6zesankurat Sebastian Bieber (Fulda) am Samstag f\u00fcr gute Stimmung. Im Rahmen des Wochenendes stand dann noch etwas Besonderes an: Alexander Eifler (Stamm St. Michael Marburg) erhielt vom Di\u00f6zesanvorstand  sein \u201eWoodbadge\u201c, da er die international g\u00fcltige Leiterausbildung der Pfadfinder abgeschlossen hat. Michael Wenzel (Jungpfadfinderstufe), Ronja Haupt, Sebastian Becker, Nils G\u00e4dtke (alle Pfadfinderstufe) und Jan Knoll (Roverstufe) wurden anschlie\u00dfend vom Di\u00f6zesanvorstand zu Woodbadge-Teamern ernannt, was bedeutet, dass die genannten von nun an die Ausbildungskurse selbst leiten k\u00f6nnen. Am Ende wurde mit dem traditionellen \u201eNehmt Abschied, Br\u00fcder\u201c im Schlusskreis ein ereignisreiches Wochenende beschlossen. <\/p>\n","protected":false},"excerpt":{"rendered":"<div class=\"tmnf_excerpt\"><p>Jedes Jahr im Herbst ist es soweit: die Stufenkonferenzen der Deutschen Pfadfinderschaft St. Georg (DPSG) im Bistum Fulda stehen an, das Treffen der Gruppenleiterinnen und Gruppenleiter aus den Pfadfinderst\u00e4mmen in der Di\u00f6zese Fulda. Fast 100 von ihnen trafen sich am Thomas-Morus-Haus am Buchschirm bei Hilders, um sich auszutauschen und thematisch zu arbeiten. In diesem Jahr &hellip;<\/p>\n<\/div>","protected":false},"author":1,"featured_media":168579,"comment_status":"closed","ping_status":"closed","sticky":false,"template":"","format":"gallery","meta":{"footnotes":""},"categories":[1],"tags":[],"class_list":["post-168553","post","type-post","status-publish","format-gallery","has-post-thumbnail","hentry","category-startseite","post_format-post-format-gallery"],"_links":{"self":[{"href":"https:\/\/www.fuldaernachrichten.de\/index.php?rest_route=\/wp\/v2\/posts\/168553","targetHints":{"allow":["GET"]}}],"collection":[{"href":"https:\/\/www.fuldaernachrichten.de\/index.php?rest_route=\/wp\/v2\/posts"}],"about":[{"href":"https:\/\/www.fuldaernachrichten.de\/index.php?rest_route=\/wp\/v2\/types\/post"}],"author":[{"embeddable":true,"href":"https:\/\/www.fuldaernachrichten.de\/index.php?rest_route=\/wp\/v2\/users\/1"}],"replies":[{"embeddable":true,"href":"https:\/\/www.fuldaernachrichten.de\/index.php?rest_route=%2Fwp%2Fv2%2Fcomments&post=168553"}],"version-history":[{"count":1,"href":"https:\/\/www.fuldaernachrichten.de\/index.php?rest_route=\/wp\/v2\/posts\/168553\/revisions"}],"predecessor-version":[{"id":168581,"href":"https:\/\/www.fuldaernachrichten.de\/index.php?rest_route=\/wp\/v2\/posts\/168553\/revisions\/168581"}],"wp:featuredmedia":[{"embeddable":true,"href":"https:\/\/www.fuldaernachrichten.de\/index.php?rest_route=\/wp\/v2\/media\/168579"}],"wp:attachment":[{"href":"https:\/\/www.fuldaernachrichten.de\/index.php?rest_route=%2Fwp%2Fv2%2Fmedia&parent=168553"}],"wp:term":[{"taxonomy":"category","embeddable":true,"href":"https:\/\/www.fuldaernachrichten.de\/index.php?rest_route=%2Fwp%2Fv2%2Fcategories&post=168553"},{"taxonomy":"post_tag","embeddable":true,"href":"https:\/\/www.fuldaernachrichten.de\/index.php?rest_route=%2Fwp%2Fv2%2Ftags&post=168553"}],"curies":[{"name":"wp","href":"https:\/\/api.w.org\/{rel}","templated":true}]}}