{"id":168534,"date":"2017-10-10T13:08:30","date_gmt":"2017-10-10T11:08:30","guid":{"rendered":"http:\/\/www.fuldaer-nachrichten.de\/?p=168534"},"modified":"2017-10-10T13:08:30","modified_gmt":"2017-10-10T11:08:30","slug":"fahrt-zum-roemerkastell-saalburg","status":"publish","type":"post","link":"https:\/\/www.fuldaernachrichten.de\/?p=168534","title":{"rendered":"Fahrt zum R\u00f6merkastell Saalburg"},"content":{"rendered":"<p>http:\/\/www.fuldaer-nachrichten.de\/wp-admin\/post-new.phpEine Tagesfahrt zum R\u00f6merkastell Saalburg unternimmt die St\u00e4dtische Volkshochschule am Samstag, 14. Oktober. Das um 1900 auf Initiative Kaiser Wilhelms II. aufgebaute Kastell geh\u00f6rt zusammen mit dem Limes seit 2005 zum UNESCO-Weltkulturerbe. Auskunft und Anmeldung \u00fcber die vhs-Gesch\u00e4ftsstelle, Unterm Hl. Kreuz 1, Telefon 0661\/102-1477 oder -1474.<\/p>\n","protected":false},"excerpt":{"rendered":"<div class=\"tmnf_excerpt\"><p>http:\/\/www.fuldaer-nachrichten.de\/wp-admin\/post-new.phpEine Tagesfahrt zum R\u00f6merkastell Saalburg unternimmt die St\u00e4dtische Volkshochschule am Samstag, 14. Oktober. Das um 1900 auf Initiative Kaiser Wilhelms II. aufgebaute Kastell geh\u00f6rt zusammen mit dem Limes seit 2005 zum UNESCO-Weltkulturerbe. Auskunft und Anmeldung \u00fcber die vhs-Gesch\u00e4ftsstelle, Unterm Hl. Kreuz 1, Telefon 0661\/102-1477 oder -1474.<\/p>\n<\/div>","protected":false},"author":1,"featured_media":0,"comment_status":"closed","ping_status":"closed","sticky":false,"template":"","format":"standard","meta":{"footnotes":""},"categories":[1],"tags":[],"class_list":["post-168534","post","type-post","status-publish","format-standard","hentry","category-startseite"],"_links":{"self":[{"href":"https:\/\/www.fuldaernachrichten.de\/index.php?rest_route=\/wp\/v2\/posts\/168534","targetHints":{"allow":["GET"]}}],"collection":[{"href":"https:\/\/www.fuldaernachrichten.de\/index.php?rest_route=\/wp\/v2\/posts"}],"about":[{"href":"https:\/\/www.fuldaernachrichten.de\/index.php?rest_route=\/wp\/v2\/types\/post"}],"author":[{"embeddable":true,"href":"https:\/\/www.fuldaernachrichten.de\/index.php?rest_route=\/wp\/v2\/users\/1"}],"replies":[{"embeddable":true,"href":"https:\/\/www.fuldaernachrichten.de\/index.php?rest_route=%2Fwp%2Fv2%2Fcomments&post=168534"}],"version-history":[{"count":1,"href":"https:\/\/www.fuldaernachrichten.de\/index.php?rest_route=\/wp\/v2\/posts\/168534\/revisions"}],"predecessor-version":[{"id":168535,"href":"https:\/\/www.fuldaernachrichten.de\/index.php?rest_route=\/wp\/v2\/posts\/168534\/revisions\/168535"}],"wp:attachment":[{"href":"https:\/\/www.fuldaernachrichten.de\/index.php?rest_route=%2Fwp%2Fv2%2Fmedia&parent=168534"}],"wp:term":[{"taxonomy":"category","embeddable":true,"href":"https:\/\/www.fuldaernachrichten.de\/index.php?rest_route=%2Fwp%2Fv2%2Fcategories&post=168534"},{"taxonomy":"post_tag","embeddable":true,"href":"https:\/\/www.fuldaernachrichten.de\/index.php?rest_route=%2Fwp%2Fv2%2Ftags&post=168534"}],"curies":[{"name":"wp","href":"https:\/\/api.w.org\/{rel}","templated":true}]}}