{"id":168519,"date":"2017-10-10T13:07:11","date_gmt":"2017-10-10T11:07:11","guid":{"rendered":"http:\/\/www.fuldaer-nachrichten.de\/?p=168519"},"modified":"2017-10-10T13:07:42","modified_gmt":"2017-10-10T11:07:42","slug":"mitmachausstellung-fuer-kinder-jugendliche-und-familien-kakao-schokolade","status":"publish","type":"post","link":"https:\/\/www.fuldaernachrichten.de\/?p=168519","title":{"rendered":"Mitmachausstellung f\u00fcr Kinder, Jugendliche und Familien &#8220;Kakao &#038; Schokolade&#8221;"},"content":{"rendered":"<p><a href=\"http:\/\/www.fuldaer-nachrichten.de\/wp-content\/uploads\/2017\/10\/23.jpg\"><img fetchpriority=\"high\" decoding=\"async\" src=\"http:\/\/www.fuldaer-nachrichten.de\/wp-content\/uploads\/2017\/10\/23-265x353.jpg\" alt=\"\" width=\"265\" height=\"353\" class=\"alignleft size-thumbnail wp-image-168532\" srcset=\"https:\/\/www.fuldaernachrichten.de\/wp-content\/uploads\/2017\/10\/23-265x353.jpg 265w, https:\/\/www.fuldaernachrichten.de\/wp-content\/uploads\/2017\/10\/23-199x265.jpg 199w, https:\/\/www.fuldaernachrichten.de\/wp-content\/uploads\/2017\/10\/23-768x1024.jpg 768w, https:\/\/www.fuldaernachrichten.de\/wp-content\/uploads\/2017\/10\/23-450x600.jpg 450w, https:\/\/www.fuldaernachrichten.de\/wp-content\/uploads\/2017\/10\/23.jpg 900w\" sizes=\"(max-width: 265px) 100vw, 265px\" \/><\/a>Mitmachausstellung f\u00fcr Kinder, Jugendliche und Familien<br \/>\nKakao &#038; Schokolade<br \/>\nGef\u00f6rdert durch FERRERO<\/p>\n<p>5. November 2017 bis 4. Februar 2018<\/p>\n<p>Fast alle Menschen lieben Schokolade. Aber nicht jeder wei\u00df, wie aus der bitteren Kakaofrucht die s\u00fc\u00dfe Leckerei hergestellt wird. Die interaktive Ausstellung &#8216;Kakao &#038; Schokolade&#8217; nimmt die Besucherinnen und Besucher mit auf eine Reise. An verschiedenen Stationen haben sie die M\u00f6glichkeit, die einzelnen Schritte der Schokoladenproduktion kennenzulernen. Sie k\u00f6nnen eine frische Kakaofrucht probieren und mit dem Mahlstein Kakaobohnen zerkleinern, um schlie\u00dflich in der \u201emodernen\u201c Schokoladenfabrik selbst Schokolade herzustellen!<\/p>\n<p>Eine Ausstellungs\u00fcbernahme aus dem Museum im Koffer, N\u00fcrnberg. <\/p>\n<p>Geeignet f\u00fcr Kindergartengruppen und Grundschulklassen. Anmeldungen ab sofort m\u00f6glich!<\/p>\n<p>Eintrittspreise<br \/>\nAusstellung inkl. Schoko-Werkstatt: 5,50 \u00e2\u201a\u00ac\/Person<br \/>\nAusstellung inkl. Schoko-Werkstatt und Museum: 8,50 \u00e2\u201a\u00ac\/Person<br \/>\n(Bei Gruppen und Schulklassen 2 Begleitpersonen frei)<\/p>\n<p>Ausstellungsbesuch inkl. Schoko-Werkstatt<br \/>\n2,5 Stunden (ohne Museum), Ausstellungsbesuch nur mit F\u00fchrung m\u00f6glich. Anmeldung empfohlen! F\u00fcr Gruppen und Schulklassen nur nach vorheriger best\u00e4tigter Anmeldung. Einlass bereits ab 8.30 Uhr m\u00f6glich. <\/p>\n<p>\u00d6ffentliche F\u00fchrungen<br \/>\nEinzelbesucher:     Samstag 14.30 Uhr sowie in den hessischen Schulferien auf Anfrage<br \/>\nGruppenf\u00fchrungen:    Montag bis Freitag auf Anfrage<br \/>\nKindergeburtstag:     Freitag 15.00 Uhr und auf Anfrage <\/p>\n<p>\u00d6ffnungszeiten:<br \/>\nMontag bis Freitag:     10.00 \u2013 17.30 Uhr<br \/>\nSamstag\/Sonntag*:    13.00 \u2013 17.30 Uhr (* und Feiertage) <\/p>\n<p>Information und Anmeldung:<br \/>\nKinder-Akademie Fulda<br \/>\nMehlerstra\u00dfe 8<br \/>\n36043 Fulda<br \/>\nTelefon 0661.90273-0<br \/>\nwww.kaf.de<br \/>\ninfo@kaf.de<\/p>\n","protected":false},"excerpt":{"rendered":"<div class=\"tmnf_excerpt\"><p>Mitmachausstellung f\u00fcr Kinder, Jugendliche und Familien Kakao &#038; Schokolade Gef\u00f6rdert durch FERRERO 5. November 2017 bis 4. Februar 2018 Fast alle Menschen lieben Schokolade. Aber nicht jeder wei\u00df, wie aus der bitteren Kakaofrucht die s\u00fc\u00dfe Leckerei hergestellt wird. Die interaktive Ausstellung &#8216;Kakao &#038; Schokolade&#8217; nimmt die Besucherinnen und Besucher mit auf eine Reise. An verschiedenen &hellip;<\/p>\n<\/div>","protected":false},"author":1,"featured_media":168531,"comment_status":"closed","ping_status":"closed","sticky":false,"template":"","format":"standard","meta":{"footnotes":""},"categories":[1],"tags":[],"class_list":["post-168519","post","type-post","status-publish","format-standard","has-post-thumbnail","hentry","category-startseite"],"_links":{"self":[{"href":"https:\/\/www.fuldaernachrichten.de\/index.php?rest_route=\/wp\/v2\/posts\/168519","targetHints":{"allow":["GET"]}}],"collection":[{"href":"https:\/\/www.fuldaernachrichten.de\/index.php?rest_route=\/wp\/v2\/posts"}],"about":[{"href":"https:\/\/www.fuldaernachrichten.de\/index.php?rest_route=\/wp\/v2\/types\/post"}],"author":[{"embeddable":true,"href":"https:\/\/www.fuldaernachrichten.de\/index.php?rest_route=\/wp\/v2\/users\/1"}],"replies":[{"embeddable":true,"href":"https:\/\/www.fuldaernachrichten.de\/index.php?rest_route=%2Fwp%2Fv2%2Fcomments&post=168519"}],"version-history":[{"count":2,"href":"https:\/\/www.fuldaernachrichten.de\/index.php?rest_route=\/wp\/v2\/posts\/168519\/revisions"}],"predecessor-version":[{"id":168533,"href":"https:\/\/www.fuldaernachrichten.de\/index.php?rest_route=\/wp\/v2\/posts\/168519\/revisions\/168533"}],"wp:featuredmedia":[{"embeddable":true,"href":"https:\/\/www.fuldaernachrichten.de\/index.php?rest_route=\/wp\/v2\/media\/168531"}],"wp:attachment":[{"href":"https:\/\/www.fuldaernachrichten.de\/index.php?rest_route=%2Fwp%2Fv2%2Fmedia&parent=168519"}],"wp:term":[{"taxonomy":"category","embeddable":true,"href":"https:\/\/www.fuldaernachrichten.de\/index.php?rest_route=%2Fwp%2Fv2%2Fcategories&post=168519"},{"taxonomy":"post_tag","embeddable":true,"href":"https:\/\/www.fuldaernachrichten.de\/index.php?rest_route=%2Fwp%2Fv2%2Ftags&post=168519"}],"curies":[{"name":"wp","href":"https:\/\/api.w.org\/{rel}","templated":true}]}}