{"id":168514,"date":"2017-10-10T10:45:13","date_gmt":"2017-10-10T08:45:13","guid":{"rendered":"http:\/\/www.fuldaer-nachrichten.de\/?p=168514"},"modified":"2017-10-10T10:45:13","modified_gmt":"2017-10-10T08:45:13","slug":"gemeinsamkeiten-finden-4-integrationsfussballturnier-fulda","status":"publish","type":"post","link":"https:\/\/www.fuldaernachrichten.de\/?p=168514","title":{"rendered":"Gemeinsamkeiten finden \u2013 4. Integrationsfu\u00dfballturnier Fulda"},"content":{"rendered":"<p>Im Rahmen der Interkulturellen Woche wurde auch im diesen Jahr das Integrations-Fu\u00dfballturnier durchgef\u00fchrt. Veranstalter war bereits zum 4. Mal in Folge das Integrationsnetzwerk Fulda und der Ausl\u00e4nderbeirat Fulda. Mit 16 teilnehmenden Teams und rund 150 Teilnehmern war es das bisher gr\u00f6\u00dfte Turnier dieser Art.<\/p>\n<p>Wie Winfried J\u00e4ger \u2013 Koordinator des Integrationsnetzwerkes und Sportcoach Stadt Fulda feststellte,. war es eine tolle Veranstaltung \u201ewir haben dadurch einiges f\u00fcr die Integration getan \u2013 Gemeinsamkeiten finden und voneinander lernen, das Motto wurde voll erreicht\u201c und das war neben den sportlichen Leistungen in erster Linie auch Sinn und Zweck der Veranstaltung.<\/p>\n<p>Zahlreiche Ehreng\u00e4ste waren zu der Veranstaltung gekommen, um die Veranstaltung zu unterst\u00fctzen. Neben dem Bundestagsabgeordneten Michael Brand und dem Vorsitzenden des Sportkreises Fulda-H\u00fcnfeld Hein-Peter M\u00f6ller konnte auch der Integrationsbotschafter im Programm \u201eSport f\u00fcr Fl\u00fcchtlinge\u201c der Sport-Jugend Hessen und des Hessischen Ministerium des Inneren und f\u00fcr Sport \u201eStepi&#8221; Dragoslav Stepanovic begr\u00fc\u00dft werden. Viele Autogramme durfte die Fu\u00dfballkultfigur w\u00e4hrend seines 6-St\u00fcndigen Aufenthalts in Fulda geben. Mit von der Partie waren auch der Leiter des Amtes f\u00fcr Jugend, Familie und Senioren \u2013 Stefan M\u00f6lleney \u2013 und zahlreiche Mitarbeiter der Fachstelle f\u00fcr Integration und Inklusion der Stadt Fulda. Unerm\u00fcdlich im Einsatz war auch der Sportcoach-Koordinator und Sportcoach Fulda, Harald Piaskowski.<\/p>\n<p>Organisiert worden war die Veranstaltung von Winfried J\u00e4ger und dem Vorsitzenden von Germania Fulda Harald Hoffmann. Viele flei\u00dfige H\u00e4nde von Germania waren im Einsatz, um das Turnier reibungslos auf dem Sportgel\u00e4nde von Germania Fulda umzusetzen.<\/p>\n<p>Die Siegerehrung, wurde vom 1.Kreisbeigeordneten Frederik Schmitt f\u00fcr den Landkreis und Lothar Plappert \u2013 1.Vorsitzender des Sportverbandes Stadt Fulda (in Vertretung f\u00fcr den Fuldaer B\u00fcrgermeister, der sich im wohlverdienten Sommerurlaub befand) sowie \u201eStepi&#8221; Dragoslav Stepanovic durchgef\u00fchrt.<\/p>\n<p>Gro\u00df war der Jubel bei allen Teams, jedes Team wurde mit einem Pokal und Urkunde ausgezeichnet. Den 1.Platz und damit den Wanderpokal hatte sich das Team \u201eLinde Tann\u201c erspielt. Linde Tann war als Titelverteidiger aus dem Jahr 2016 ins Rennen gegangen.<\/p>\n<p>\u201eWir haben mit dem 4.Integrations-Fu\u00dfballturnier wieder gute Akzente in der Integrationsarbeit  setzen k\u00f6nnen und hatten auch noch Gl\u00fcck mit dem Wetter\u201c, so der Vorsitzende des Ausl\u00e4nderbeirates Fulda Abdulkerim Demir.<\/p>\n<p>Informationsst\u00e4nde der AWO Fulda, DAFKS und Kreidekreis rundeten die Veranstaltung ab.<\/p>\n<p>Hier die Ergebnisse aller Teams<\/p>\n<p>Gruppenspiele:<\/p>\n<p>Ausl\u00e4nderbeirat Fulda \u2013 Betriebsmannschaft Landkreis Fulda 1:3<\/p>\n<p>Aschenberg United \u2013 Kreidekreis 1:1<\/p>\n<p>Kurdische Gemeinde Fulda \u2013 R\u00fcbsam WBZ 1:4<\/p>\n<p>Schoppekicker Fulda \u2013 AWO Kickers 0:5<\/p>\n<p>GU Ehrenberg\/Seiferts \u2013 AWO II 0:8<\/p>\n<p>Gr\u00fcmel Michaelshof \u2013 Linde Tann 0:1<\/p>\n<p>United AWO World Team \u2013 G\u00dc Gr\u00fcmel Bad Salzschlirf 1:3<\/p>\n<p>Perspektiva GU Flemingstra\u00dfe \u2013 Wohnzimmer Fulda 0:0<\/p>\n<p>AWO II \u2013 Ausl\u00e4nderbeirat Fulda 4:0<\/p>\n<p>Linde Tann \u2013 Aschenberg United 5:0<\/p>\n<p>G\u00dc Gr\u00fcmel Bad Salzschlirf \u2013 Kurdische Gemeinde Fulda 3:0<\/p>\n<p>Wohnzimmer Fulda \u2013 Schoppekicker Fulda 4:1<\/p>\n<p>Betriebsmannschaft LK Fulda \u2013 GU Ehrenberg\/Seiferts 5:0<\/p>\n<p>R\u00fcbsam WBZ \u2013 United AWO World Team 0:1<\/p>\n<p>AWO Kickers \u2013 Perspektiva GU Flemmingstra\u00dfe 0:1<\/p>\n<p>Ausl\u00e4nderbeirat Fulda \u2013 GU Ehrenberg\/Seiferts 2:1<\/p>\n<p>Aschenberg United \u2013 Gr\u00fcmel Michaelshof 0:3<\/p>\n<p>Kurdische Gemeinde Fulda \u2013 United AWO World Team 1:1<\/p>\n<p>Schoppekicker Fulda \u2013 Perspektiva GU Flemmingstra\u00dfe 2:4<\/p>\n<p>Betriebsmannschaft LK Fulda \u2013 AWO II 3:0<\/p>\n<p>Kreidekreis \u2013 Linde Tann 0:1<\/p>\n<p>R\u00fcbsam WBZ \u2013 G\u00dc Gr\u00fcmel Bad Salzschlirf 0:3<\/p>\n<p>AWO Kickers \u2013 Wohnzimmer Fulda 0:0<\/p>\n<p>Viertelfinale:<\/p>\n<p>Linde Tann \u2013 AWO II 2:0<\/p>\n<p>Betriebsmannschaft LK Fulda \u2013 Gr\u00fcmel Michaelshof 3:0<\/p>\n<p>Perspektiva GU Flemmingstra\u00dfe \u2013 United AWO World Team 2:3<\/p>\n<p>G\u00dc Gr\u00fcmel Bad Salzschlirf \u2013 Wohnzimmer Fulda 3:1<\/p>\n<p>Halbfinale:<\/p>\n<p>Betriebsmannschaft LK Fulda \u2013 United AWO World Team 1:0<\/p>\n<p>Linde Tann \u2013 G\u00dc Gr\u00fcmel Bad Salzschlirf 3:1<\/p>\n<p>Spiel um Platz drei:<\/p>\n<p>United AWO World Team \u2013 G\u00dc Gr\u00fcmel Bad Salzschlirf 0.1<\/p>\n<p>Finale:<\/p>\n<p>Betriebsmannschaft LK Fulda \u2013 Linde Tann 0:1<\/p>\n","protected":false},"excerpt":{"rendered":"<div class=\"tmnf_excerpt\"><p>Im Rahmen der Interkulturellen Woche wurde auch im diesen Jahr das Integrations-Fu\u00dfballturnier durchgef\u00fchrt. Veranstalter war bereits zum 4. Mal in Folge das Integrationsnetzwerk Fulda und der Ausl\u00e4nderbeirat Fulda. Mit 16 teilnehmenden Teams und rund 150 Teilnehmern war es das bisher gr\u00f6\u00dfte Turnier dieser Art. Wie Winfried J\u00e4ger \u2013 Koordinator des Integrationsnetzwerkes und Sportcoach Stadt Fulda &hellip;<\/p>\n<\/div>","protected":false},"author":1,"featured_media":168525,"comment_status":"closed","ping_status":"closed","sticky":false,"template":"","format":"gallery","meta":{"footnotes":""},"categories":[1],"tags":[],"class_list":["post-168514","post","type-post","status-publish","format-gallery","has-post-thumbnail","hentry","category-startseite","post_format-post-format-gallery"],"_links":{"self":[{"href":"https:\/\/www.fuldaernachrichten.de\/index.php?rest_route=\/wp\/v2\/posts\/168514","targetHints":{"allow":["GET"]}}],"collection":[{"href":"https:\/\/www.fuldaernachrichten.de\/index.php?rest_route=\/wp\/v2\/posts"}],"about":[{"href":"https:\/\/www.fuldaernachrichten.de\/index.php?rest_route=\/wp\/v2\/types\/post"}],"author":[{"embeddable":true,"href":"https:\/\/www.fuldaernachrichten.de\/index.php?rest_route=\/wp\/v2\/users\/1"}],"replies":[{"embeddable":true,"href":"https:\/\/www.fuldaernachrichten.de\/index.php?rest_route=%2Fwp%2Fv2%2Fcomments&post=168514"}],"version-history":[{"count":1,"href":"https:\/\/www.fuldaernachrichten.de\/index.php?rest_route=\/wp\/v2\/posts\/168514\/revisions"}],"predecessor-version":[{"id":168529,"href":"https:\/\/www.fuldaernachrichten.de\/index.php?rest_route=\/wp\/v2\/posts\/168514\/revisions\/168529"}],"wp:featuredmedia":[{"embeddable":true,"href":"https:\/\/www.fuldaernachrichten.de\/index.php?rest_route=\/wp\/v2\/media\/168525"}],"wp:attachment":[{"href":"https:\/\/www.fuldaernachrichten.de\/index.php?rest_route=%2Fwp%2Fv2%2Fmedia&parent=168514"}],"wp:term":[{"taxonomy":"category","embeddable":true,"href":"https:\/\/www.fuldaernachrichten.de\/index.php?rest_route=%2Fwp%2Fv2%2Fcategories&post=168514"},{"taxonomy":"post_tag","embeddable":true,"href":"https:\/\/www.fuldaernachrichten.de\/index.php?rest_route=%2Fwp%2Fv2%2Ftags&post=168514"}],"curies":[{"name":"wp","href":"https:\/\/api.w.org\/{rel}","templated":true}]}}