{"id":168498,"date":"2017-10-10T10:42:07","date_gmt":"2017-10-10T08:42:07","guid":{"rendered":"http:\/\/www.fuldaer-nachrichten.de\/?p=168498"},"modified":"2017-10-10T10:42:07","modified_gmt":"2017-10-10T08:42:07","slug":"ausbildung-fuer-feuerwehrkraefte-muss-zeitgemaess-sein-kreisausbilderwochenende-fand-in-bebra-statt","status":"publish","type":"post","link":"https:\/\/www.fuldaernachrichten.de\/?p=168498","title":{"rendered":"Ausbildung f\u00fcr Feuerwehrkr\u00e4fte muss zeitgem\u00e4\u00df sein &#8211; Kreisausbilderwochenende fand in Bebra statt"},"content":{"rendered":"<p>Die Kreisausbilder von Stadt und Landkreis Fulda trafen sich in den R\u00e4um-lichkeiten des Landesinnungsverbandes des Schornsteinfegerhandwerks Hessen in Bebra zu ihrem allj\u00e4hrlichen Kreisausbilderwochenende in der Zeit vom 06. bis zum 08.10.2017. Bereits zum 10. Mal wird dieser Standort f\u00fcr das Schulungswochenende genutzt. <\/p>\n<p>Im Rahmen der in 2016 geschlossenen Kooperation zwischen Landkreis Fulda, der Feuerwehr der Stadt Fulda und Kreisfeuerwehrverband Fulda wurde die Veranstal-tung gemeinsam geplant, durchgef\u00fchrt und auch gemeinsam durch Kreisbrandin-spektor Adrian Vogler, den Verbandsvorsitzenden Lothar Mihm und den Gesch\u00e4fts-f\u00fchrer des Kreisfeuerwehrverbandes Jason Freeman er\u00f6ffnet. <\/p>\n<p>Die diesj\u00e4hrige Schulung stand ganz im Sinne von Anpassung und Verbesserung. Zun\u00e4chst wurde die Lehrgangsverwaltung auf Excel-Basis konkretisiert und im An-schluss die Einteilung der Lehrg\u00e4nge f\u00fcr das Jahr 2018 vorgenommen. Die fr\u00fchzeiti-ge Organisation sei wichtig, um auch langfristig die Ausbildung der Kameradinnen und Kameraden im Landkreis und in der Stadt Fulda zu sichern, so der stellv. Kreis-brandinspektor Bernd Sch\u00e4del.<br \/>\nMit einem weinenden Auge wurde im Nachgang an die Einteilung der langj\u00e4hrige Kreisausbilder Manfred W\u00e4chtersbach (FF H\u00fcnfeld-Mackenzell) mit vielen lobenden und dankenden Worten aus seiner aktiven Zeit verabschiedet. Der Vorsitzende Mihm verlas eine Dankesurkunde und sprach selbst noch einige pers\u00f6nliche an Manfred, welcher weiterhin als Lehrgangsbetreuer ehrenamtlich den Verband unterst\u00fctzen wird.<\/p>\n<p>Am Samstagmorgen referierte Michael Assenmacher (FF Fulda) \u00fcber eine zeitge-m\u00e4\u00dfe Gestaltung der Unterrichtselemente und zeigte verschiedene M\u00f6glichkeiten zur Gestaltung dieser auf. Die Bed\u00fcrfnisse der Lehrgangsteilnehmer haben sich in den letzten Jahren stark ver\u00e4ndert, besonders im Hinblick auf die theoretische Aus-bildung. Viele junge Kameraden befinden sich zum Zeitpunkt des Lehrgangsbesuchs noch in Schule, Studium oder Ausbildung und werden tagt\u00e4glich mit einer Lernsitua-tion konfrontiert. Hierzu ist es wichtig, einen abwechslungsreichen, interessanten und mit einen mit Medien versetzten Unterricht anzubieten, welcher sich durch alle Spar-ten hinweg anpasst. <\/p>\n<p>Der Gesch\u00e4ftsf\u00fchrer des Kreisfeuerwehrverbandes Jason Freeman pr\u00e4sentierte die Auswertung der Feedbackerhebungen der Lehrg\u00e4nge des Jahres 2016 und zeigte auf, in welchen Bereichen die Lehrg\u00e4nge sehr gut bewertet werden, aber auch wo Schw\u00e4chen und W\u00fcnsche aufgetreten sind. Im Anschluss an seinen Vortrag erarbeiteten die anwesenden Kreisausbilder einen neuen, an ihre W\u00fcnsche angepassten Bogen. <\/p>\n<p>Nach einer Einheit zu Neuerungen der einzelnen Lehrgangssparten, bot die Schu-lung eine praktische Weiterbildung im Bereich Technische Hilfeleistung Verkehrsun-fall, bei welcher die neuesten Techniken der Landesfeuerwehrschule pr\u00e4sentiert wurden. Hierbei zeigten die erst in diesem Jahr neu ausgebildeten Spartenausbilder \u201eTH-VU\u201c die Inhalte ihrer praktischen Ausbildung an Unfallwagen.  <\/p>\n<p>Der Samstag klang bei einer gemeinsamen Wanderung nach Rotenburg an der Fulda mit anschlie\u00dfender historischer Stadtf\u00fchrung und Besuch einer Gastst\u00e4tte ge-m\u00fctlich aus.<br \/>\nNach dem sonnt\u00e4glichen Fr\u00fchst\u00fcck reisten die Teilnehmer mit vielen neuen Eindr\u00fc-cken, Erfahrungen und Ideen zur\u00fcck in den Landkreis.  <\/p>\n","protected":false},"excerpt":{"rendered":"<div class=\"tmnf_excerpt\"><p>Die Kreisausbilder von Stadt und Landkreis Fulda trafen sich in den R\u00e4um-lichkeiten des Landesinnungsverbandes des Schornsteinfegerhandwerks Hessen in Bebra zu ihrem allj\u00e4hrlichen Kreisausbilderwochenende in der Zeit vom 06. bis zum 08.10.2017. Bereits zum 10. Mal wird dieser Standort f\u00fcr das Schulungswochenende genutzt. Im Rahmen der in 2016 geschlossenen Kooperation zwischen Landkreis Fulda, der Feuerwehr der &hellip;<\/p>\n<\/div>","protected":false},"author":1,"featured_media":168509,"comment_status":"closed","ping_status":"closed","sticky":false,"template":"","format":"gallery","meta":{"footnotes":""},"categories":[1],"tags":[],"class_list":["post-168498","post","type-post","status-publish","format-gallery","has-post-thumbnail","hentry","category-startseite","post_format-post-format-gallery"],"_links":{"self":[{"href":"https:\/\/www.fuldaernachrichten.de\/index.php?rest_route=\/wp\/v2\/posts\/168498","targetHints":{"allow":["GET"]}}],"collection":[{"href":"https:\/\/www.fuldaernachrichten.de\/index.php?rest_route=\/wp\/v2\/posts"}],"about":[{"href":"https:\/\/www.fuldaernachrichten.de\/index.php?rest_route=\/wp\/v2\/types\/post"}],"author":[{"embeddable":true,"href":"https:\/\/www.fuldaernachrichten.de\/index.php?rest_route=\/wp\/v2\/users\/1"}],"replies":[{"embeddable":true,"href":"https:\/\/www.fuldaernachrichten.de\/index.php?rest_route=%2Fwp%2Fv2%2Fcomments&post=168498"}],"version-history":[{"count":1,"href":"https:\/\/www.fuldaernachrichten.de\/index.php?rest_route=\/wp\/v2\/posts\/168498\/revisions"}],"predecessor-version":[{"id":168511,"href":"https:\/\/www.fuldaernachrichten.de\/index.php?rest_route=\/wp\/v2\/posts\/168498\/revisions\/168511"}],"wp:featuredmedia":[{"embeddable":true,"href":"https:\/\/www.fuldaernachrichten.de\/index.php?rest_route=\/wp\/v2\/media\/168509"}],"wp:attachment":[{"href":"https:\/\/www.fuldaernachrichten.de\/index.php?rest_route=%2Fwp%2Fv2%2Fmedia&parent=168498"}],"wp:term":[{"taxonomy":"category","embeddable":true,"href":"https:\/\/www.fuldaernachrichten.de\/index.php?rest_route=%2Fwp%2Fv2%2Fcategories&post=168498"},{"taxonomy":"post_tag","embeddable":true,"href":"https:\/\/www.fuldaernachrichten.de\/index.php?rest_route=%2Fwp%2Fv2%2Ftags&post=168498"}],"curies":[{"name":"wp","href":"https:\/\/api.w.org\/{rel}","templated":true}]}}