{"id":168489,"date":"2017-10-10T10:40:13","date_gmt":"2017-10-10T08:40:13","guid":{"rendered":"http:\/\/www.fuldaer-nachrichten.de\/?p=168489"},"modified":"2017-10-10T10:40:13","modified_gmt":"2017-10-10T08:40:13","slug":"rege-beteiligung-und-viele-gute-ideen-%e2%80%a8beim-buergerspaziergang","status":"publish","type":"post","link":"https:\/\/www.fuldaernachrichten.de\/?p=168489","title":{"rendered":"Rege Beteiligung und viele gute Ideen \u00e2\u20ac\u00a8beim B\u00fcrgerspaziergang"},"content":{"rendered":"<p>Rund 60 interessierte Fuldaer B\u00fcrgerinnen und B\u00fcrger haben am Wochenende am B\u00fcrgerspaziergang \u00fcber das Gel\u00e4nde f\u00fcr die Landesgartenschau (LGS) 2023 teilgenommen. \u201eWunderbar, dass so viele Interessierte gekommen sind und sich engagiert beteiligt haben\u201c, freute sich Stadtbaurat Daniel Schreiner, der gemeinsam mit Planer Thomas Wirth vom B\u00fcro arc.gr\u00fcn den gut zweieinhalbst\u00fcndigen Spaziergang leitete. <\/p>\n<p>Alles war gut vorbereitet: Jeder Teilnehmende bekam einen Plan, auf dem die verschiedenen Themenbereiche der LGS eingezeichnet sind, mit der M\u00f6glichkeit, die Ideen und Anmerkungen zu den verschiedenen Punkten gleich zu notieren und den Verantwortlichen zu \u00fcbergeben. Bei verschiedenen Stopps am Weg stellten Wirth und Schreiner die bisherigen Ideen der Planer vor: von der Einbindung der Landwirtschaft \u00fcber die Erweiterung des Heimattiergartens bis zur Gestaltung des \u00dcbergangs zum LGS-Gel\u00e4nde von 1994 und zur Nutzung der Auerweiher reichten die Themenkomplexe. Auch schwierige Fragen sowie Bedenken der B\u00fcrger wurden angesprochen, so die Sorge, dass zu viele landwirtschaftliche Fl\u00e4chen f\u00fcr die Schaffung von Parkpl\u00e4tzen verloren gehen k\u00f6nnten. Diese Sorge m\u00fcsse man nicht haben, so der Stadtbaurat: \u201eGrunds\u00e4tzlich hat die LGS zwei Ebenen: die eigentliche Ausstellung, die tempor\u00e4r ist und f\u00fcr die auch vor\u00fcbergehend Parkpl\u00e4tze geschaffen werden m\u00fcssen. Und die dauerhafte Ebene, die als Gewinn f\u00fcr unsere Stadt bleibt.\u201c Ganz zentral sei da die Schaffung einer barrierefreien Wegeverbindung zwischen Fulda Galerie und Neuenberg, was auch als Anliegen der Teilnehmer formuliert wurde. <\/p>\n<p>Bei einer abschlie\u00dfenden Runde im Feuerwehrmuseum wurden noch einmal Ideen und W\u00fcnsche gesammelt: Verbesserung der Wegesysteme f\u00fcr Fu\u00dfg\u00e4nger und Radfahrer, Inklusion und Barrierefreiheit, Bau eines Baumwipfelpfades, Einbindung privater G\u00e4rten, Schaffung von Sportangeboten auch f\u00fcr J\u00fcngere, Mobilit\u00e4t innerhalb der LGS, Entwicklung einer App mit allen wichtigen Informationen auch f\u00fcr Menschen mit Behinderungen, naturnahe Spielpunkte f\u00fcr Kinder und einiges mehr. Alle Anregungen werden in die B\u00fcrgerplanwerkstatt am 21. Oktober einflie\u00dfen, bei der die Ideen in Kleingruppen auf ihre Realisierungsm\u00f6glichkeit \u00fcberpr\u00fcft werden und dann zu konkreten Planungen werden sollen, so Thomas Wirth. <\/p>\n<p>Dazu sind wieder alle B\u00fcrgerinnen und B\u00fcrger herzlich eingeladen: Treffpunkt ist am 21. Oktober um 10:00 Uhr im Marmorsaal des Stadtschlosses. Die Ergebnisse der B\u00fcrgerplanwerkstatt werden dann in einer Brosch\u00fcre zusammengefasst und den Teilnehmern am internationalen Ideenwettbewerb, der 2018 stattfindet, \u00fcbergeben. Die Wettbewerbsbeitr\u00e4ge werden dann auch daraufhin bewertet, inwieweit die Anregungen der B\u00fcrger umgesetzt sind, so Thomas Wirth.<\/p>\n","protected":false},"excerpt":{"rendered":"<div class=\"tmnf_excerpt\"><p>Rund 60 interessierte Fuldaer B\u00fcrgerinnen und B\u00fcrger haben am Wochenende am B\u00fcrgerspaziergang \u00fcber das Gel\u00e4nde f\u00fcr die Landesgartenschau (LGS) 2023 teilgenommen. \u201eWunderbar, dass so viele Interessierte gekommen sind und sich engagiert beteiligt haben\u201c, freute sich Stadtbaurat Daniel Schreiner, der gemeinsam mit Planer Thomas Wirth vom B\u00fcro arc.gr\u00fcn den gut zweieinhalbst\u00fcndigen Spaziergang leitete. Alles war gut &hellip;<\/p>\n<\/div>","protected":false},"author":1,"featured_media":168491,"comment_status":"closed","ping_status":"closed","sticky":false,"template":"","format":"gallery","meta":{"footnotes":""},"categories":[1],"tags":[],"class_list":["post-168489","post","type-post","status-publish","format-gallery","has-post-thumbnail","hentry","category-startseite","post_format-post-format-gallery"],"_links":{"self":[{"href":"https:\/\/www.fuldaernachrichten.de\/index.php?rest_route=\/wp\/v2\/posts\/168489","targetHints":{"allow":["GET"]}}],"collection":[{"href":"https:\/\/www.fuldaernachrichten.de\/index.php?rest_route=\/wp\/v2\/posts"}],"about":[{"href":"https:\/\/www.fuldaernachrichten.de\/index.php?rest_route=\/wp\/v2\/types\/post"}],"author":[{"embeddable":true,"href":"https:\/\/www.fuldaernachrichten.de\/index.php?rest_route=\/wp\/v2\/users\/1"}],"replies":[{"embeddable":true,"href":"https:\/\/www.fuldaernachrichten.de\/index.php?rest_route=%2Fwp%2Fv2%2Fcomments&post=168489"}],"version-history":[{"count":1,"href":"https:\/\/www.fuldaernachrichten.de\/index.php?rest_route=\/wp\/v2\/posts\/168489\/revisions"}],"predecessor-version":[{"id":168495,"href":"https:\/\/www.fuldaernachrichten.de\/index.php?rest_route=\/wp\/v2\/posts\/168489\/revisions\/168495"}],"wp:featuredmedia":[{"embeddable":true,"href":"https:\/\/www.fuldaernachrichten.de\/index.php?rest_route=\/wp\/v2\/media\/168491"}],"wp:attachment":[{"href":"https:\/\/www.fuldaernachrichten.de\/index.php?rest_route=%2Fwp%2Fv2%2Fmedia&parent=168489"}],"wp:term":[{"taxonomy":"category","embeddable":true,"href":"https:\/\/www.fuldaernachrichten.de\/index.php?rest_route=%2Fwp%2Fv2%2Fcategories&post=168489"},{"taxonomy":"post_tag","embeddable":true,"href":"https:\/\/www.fuldaernachrichten.de\/index.php?rest_route=%2Fwp%2Fv2%2Ftags&post=168489"}],"curies":[{"name":"wp","href":"https:\/\/api.w.org\/{rel}","templated":true}]}}