{"id":168486,"date":"2017-10-10T10:40:53","date_gmt":"2017-10-10T08:40:53","guid":{"rendered":"http:\/\/www.fuldaer-nachrichten.de\/?p=168486"},"modified":"2017-10-10T10:40:53","modified_gmt":"2017-10-10T08:40:53","slug":"ehrung-langjaehriger-mitarbeiter-bei-anlagenbau-guenther","status":"publish","type":"post","link":"https:\/\/www.fuldaernachrichten.de\/?p=168486","title":{"rendered":"Ehrung langj\u00e4hriger Mitarbeiter bei Anlagenbau G\u00dcNTHER"},"content":{"rendered":"<p>Wartenberg (rh) Hoch qualifizierte Mitarbeiter mit langj\u00e4hriger Erfahrung sind die St\u00fctzen eines jeden Unternehmens. So freuten sich Firmeninhaber Bernd und Andrea G\u00fcnther, dass sie in diesem Jahr wieder neun Mitarbeitern f\u00fcr ihre langj\u00e4hrige Betriebszugeh\u00f6rigkeit gratulieren durften. Im Rahmen einer Mitarbeiterversammlung bedankten sie sich f\u00fcr die Treue zum Unternehmen und die gute Zusammenarbeit und \u00fcberreichten den Jubilaren  jeweils eine Urkunde und ein Pr\u00e4sent.<\/p>\n<p>Reinhold Repp, Gerhard Sch\u00e4ddel, Irina Hochhalter, Michael Polster, Bernhard Schott und Ulla Heuser wurden f\u00fcr 10 Jahre Betriebszugeh\u00f6rigkeit geehrt. Matthias Sternstein blickt auf 20 Jahre Mitarbeit bei Anlagenbau G\u00fcnther zur\u00fcck. Andreas Seipel und Rudolf Prost geh\u00f6ren bereits seit 25 Jahren zur Belegschaft des Wartenberger Maschinen- und Anlagenbauers.<\/p>\n<p>\u201eWir sind stolz, dass wir auf viele langj\u00e4hrige Mitarbeiter z\u00e4hlen k\u00f6nnen\u201c, so das Fazit von Bernd G\u00fcnther. G\u00dcNTHER konzipiert und produziert Anlagen und Maschinen f\u00fcr die Recycling-Branche, die weltweit im Einsatz sind. Die innovativen L\u00f6sungen und Produkte stellen besondere Anforderungen an die Fachkenntnisse und das Engagement der Mitarbeiter.<\/p>\n<p>Bildunterschrift: Ehrung im Kreise der Kollegen. In der vordere Reihe von links nach rechts: Bernd und Andrea G\u00fcnther, Bernhard Schott, Ulla Heuser, Andreas Seipel, Reinhold Repp, Gerhard Sch\u00e4ddel, Matthias Sternstein, Rudolf Prost (es fehlen Irina Hochhalter und Michael Polster)<\/p>\n","protected":false},"excerpt":{"rendered":"<div class=\"tmnf_excerpt\"><p>Wartenberg (rh) Hoch qualifizierte Mitarbeiter mit langj\u00e4hriger Erfahrung sind die St\u00fctzen eines jeden Unternehmens. So freuten sich Firmeninhaber Bernd und Andrea G\u00fcnther, dass sie in diesem Jahr wieder neun Mitarbeitern f\u00fcr ihre langj\u00e4hrige Betriebszugeh\u00f6rigkeit gratulieren durften. Im Rahmen einer Mitarbeiterversammlung bedankten sie sich f\u00fcr die Treue zum Unternehmen und die gute Zusammenarbeit und \u00fcberreichten den &hellip;<\/p>\n<\/div>","protected":false},"author":1,"featured_media":168496,"comment_status":"closed","ping_status":"closed","sticky":false,"template":"","format":"standard","meta":{"footnotes":""},"categories":[1],"tags":[],"class_list":["post-168486","post","type-post","status-publish","format-standard","has-post-thumbnail","hentry","category-startseite"],"_links":{"self":[{"href":"https:\/\/www.fuldaernachrichten.de\/index.php?rest_route=\/wp\/v2\/posts\/168486","targetHints":{"allow":["GET"]}}],"collection":[{"href":"https:\/\/www.fuldaernachrichten.de\/index.php?rest_route=\/wp\/v2\/posts"}],"about":[{"href":"https:\/\/www.fuldaernachrichten.de\/index.php?rest_route=\/wp\/v2\/types\/post"}],"author":[{"embeddable":true,"href":"https:\/\/www.fuldaernachrichten.de\/index.php?rest_route=\/wp\/v2\/users\/1"}],"replies":[{"embeddable":true,"href":"https:\/\/www.fuldaernachrichten.de\/index.php?rest_route=%2Fwp%2Fv2%2Fcomments&post=168486"}],"version-history":[{"count":1,"href":"https:\/\/www.fuldaernachrichten.de\/index.php?rest_route=\/wp\/v2\/posts\/168486\/revisions"}],"predecessor-version":[{"id":168497,"href":"https:\/\/www.fuldaernachrichten.de\/index.php?rest_route=\/wp\/v2\/posts\/168486\/revisions\/168497"}],"wp:featuredmedia":[{"embeddable":true,"href":"https:\/\/www.fuldaernachrichten.de\/index.php?rest_route=\/wp\/v2\/media\/168496"}],"wp:attachment":[{"href":"https:\/\/www.fuldaernachrichten.de\/index.php?rest_route=%2Fwp%2Fv2%2Fmedia&parent=168486"}],"wp:term":[{"taxonomy":"category","embeddable":true,"href":"https:\/\/www.fuldaernachrichten.de\/index.php?rest_route=%2Fwp%2Fv2%2Fcategories&post=168486"},{"taxonomy":"post_tag","embeddable":true,"href":"https:\/\/www.fuldaernachrichten.de\/index.php?rest_route=%2Fwp%2Fv2%2Ftags&post=168486"}],"curies":[{"name":"wp","href":"https:\/\/api.w.org\/{rel}","templated":true}]}}