{"id":168479,"date":"2017-10-10T10:38:53","date_gmt":"2017-10-10T08:38:53","guid":{"rendered":"http:\/\/www.fuldaer-nachrichten.de\/?p=168479"},"modified":"2017-10-10T10:38:53","modified_gmt":"2017-10-10T08:38:53","slug":"dank-fuer-1-350-jahre-firmentreue-47-jumo-mitarbeiterinnen-und-mitarbeiter-unterwegs-im-rheinland","status":"publish","type":"post","link":"https:\/\/www.fuldaernachrichten.de\/?p=168479","title":{"rendered":"Dank f\u00fcr 1.350 Jahre Firmentreue &#8211; 47 JUMO-Mitarbeiterinnen und -Mitarbeiter unterwegs im Rheinland"},"content":{"rendered":"<p>In Deutschland liegt die durchschnittliche Betriebszugeh\u00f6rigkeit bei rund elf Jahren. Die JUMO Unternehmensgruppe ehrte jetzt mit einem Ausflug gleich 47 Mitarbeiterinnen und Mitarbeiter, die in diesem Jahr 25, 40 oder sogar 50 Jahre am Stammsitz Fulda und in den deutschen Niederlassungen t\u00e4tig sind.<\/p>\n<p>Bernhard Juchheim, gesch\u00e4ftsf\u00fchrender JUMO-Gesellschafter, Betriebsratsvorsitzender Thomas M\u00fcller und Personalleiter Ralf Metschies sind sich einig: Die \u00e4u\u00dferst geringe Fluktuationsrate bei JUMO ist ein Beleg f\u00fcr das sehr gute Betriebsklima im Unternehmen. Durch eine Vielzahl von Arbeitszeitmodellen, ein modernes betriebliches Gesundheitsmanagement und weitreichende Fortbildungsm\u00f6glichkeiten w\u00e4ren das Arbeitsumfeld und die Karrierechancen hervorragend. So ist es kein Wunder, dass Jahr f\u00fcr Jahr mehrere Dutzend \u201erunde\u201c Betriebsjubilare mit einem Ausflug f\u00fcr ihre au\u00dfergew\u00f6hnliche Firmentreue geehrt werden k\u00f6nnen.<\/p>\n<p>Die Fahrt f\u00fchrte diesmal nach R\u00fcdesheim am Rhein, wo die Jubilare eine Fahrt mit der Seilbahn zum Niederwald-Denkmal, ein gem\u00fctliches Beisammensein im \u201eBreuer\u00e2\u20ac\u02dcs R\u00fcdesheimer Schloss\u201c und eine Schifffahrt von R\u00fcdesheim nach St. Goarshausen erwartete.<br \/>\nJubilare mit 50-j\u00e4hriger Betriebszugeh\u00f6rigkeit<\/p>\n<p>JUMO GmbH &#038; Co. KG<br \/>\nHochreiner, Hans-Dieter<\/p>\n<p>Jubilare mit 40-j\u00e4hriger Betriebszugeh\u00f6rigkeit<\/p>\n<p>JUMO GmbH &#038; Co. KG<br \/>\nBreunig, Carsten Schmitt, Ludger Weber, Harald<br \/>\nHenkel, Renate\tKopf, Helmuth Dietz, Karl-Heinz<br \/>\nKempf, Harry Vollmer, Joachim Ochs, G\u00fcnther<br \/>\nWagner, Vera<\/p>\n<p>Jubilare mit 25-j\u00e4hriger Betriebszugeh\u00f6rigkeit<\/p>\n<p>JUMO GmbH &#038; Co. KG<br \/>\nSchl\u00f6sser, Wolf-Ulrich\tMach, Markus\t\tKremer, Tanja<br \/>\nFink, Matthias\t\t\tVonderau, Tanja\tD\u00fcck, Andre<br \/>\nLieblein, Birgit\t\t\tStumpf, Thomas\tDimmerling, Thomas<br \/>\nNeugebauer,Petra-Ida\tPappert, Rainer\tMalinowski, Maria<br \/>\nDandik, Damian\t\tHapp, Bianca\t\tStahlhut, Verena<br \/>\nWilfling, Melanie\t\tSchiller, Ines\t\tMontag, Nicole<br \/>\nHappel, Ralf\t\t\tRuhl, Martin\t\tSchnaus, Katja<br \/>\nBirkenstock, Christian\tSchweimer, Thomas\tSchwarz, Ralf<br \/>\nHerget, Thomas\t\tSchmitt, Horst\t\tMontag, Markus<br \/>\nWerner, Andreas\t\tKleffel, Matthias\tRuciak, Thomas<br \/>\nLang, Jens<\/p>\n<p>Juchheim B\u00f6rner<br \/>\nTaubert, Holger\tBarz, Robert\t\tDr\u00e4ger, Reiner<br \/>\nHilfer, Johann\t\tKolle, Uwe<\/p>\n","protected":false},"excerpt":{"rendered":"<div class=\"tmnf_excerpt\"><p>In Deutschland liegt die durchschnittliche Betriebszugeh\u00f6rigkeit bei rund elf Jahren. Die JUMO Unternehmensgruppe ehrte jetzt mit einem Ausflug gleich 47 Mitarbeiterinnen und Mitarbeiter, die in diesem Jahr 25, 40 oder sogar 50 Jahre am Stammsitz Fulda und in den deutschen Niederlassungen t\u00e4tig sind. Bernhard Juchheim, gesch\u00e4ftsf\u00fchrender JUMO-Gesellschafter, Betriebsratsvorsitzender Thomas M\u00fcller und Personalleiter Ralf Metschies sind &hellip;<\/p>\n<\/div>","protected":false},"author":1,"featured_media":168487,"comment_status":"closed","ping_status":"closed","sticky":false,"template":"","format":"standard","meta":{"footnotes":""},"categories":[1],"tags":[],"class_list":["post-168479","post","type-post","status-publish","format-standard","has-post-thumbnail","hentry","category-startseite"],"_links":{"self":[{"href":"https:\/\/www.fuldaernachrichten.de\/index.php?rest_route=\/wp\/v2\/posts\/168479","targetHints":{"allow":["GET"]}}],"collection":[{"href":"https:\/\/www.fuldaernachrichten.de\/index.php?rest_route=\/wp\/v2\/posts"}],"about":[{"href":"https:\/\/www.fuldaernachrichten.de\/index.php?rest_route=\/wp\/v2\/types\/post"}],"author":[{"embeddable":true,"href":"https:\/\/www.fuldaernachrichten.de\/index.php?rest_route=\/wp\/v2\/users\/1"}],"replies":[{"embeddable":true,"href":"https:\/\/www.fuldaernachrichten.de\/index.php?rest_route=%2Fwp%2Fv2%2Fcomments&post=168479"}],"version-history":[{"count":1,"href":"https:\/\/www.fuldaernachrichten.de\/index.php?rest_route=\/wp\/v2\/posts\/168479\/revisions"}],"predecessor-version":[{"id":168488,"href":"https:\/\/www.fuldaernachrichten.de\/index.php?rest_route=\/wp\/v2\/posts\/168479\/revisions\/168488"}],"wp:featuredmedia":[{"embeddable":true,"href":"https:\/\/www.fuldaernachrichten.de\/index.php?rest_route=\/wp\/v2\/media\/168487"}],"wp:attachment":[{"href":"https:\/\/www.fuldaernachrichten.de\/index.php?rest_route=%2Fwp%2Fv2%2Fmedia&parent=168479"}],"wp:term":[{"taxonomy":"category","embeddable":true,"href":"https:\/\/www.fuldaernachrichten.de\/index.php?rest_route=%2Fwp%2Fv2%2Fcategories&post=168479"},{"taxonomy":"post_tag","embeddable":true,"href":"https:\/\/www.fuldaernachrichten.de\/index.php?rest_route=%2Fwp%2Fv2%2Ftags&post=168479"}],"curies":[{"name":"wp","href":"https:\/\/api.w.org\/{rel}","templated":true}]}}