{"id":168467,"date":"2017-10-10T10:28:51","date_gmt":"2017-10-10T08:28:51","guid":{"rendered":"http:\/\/www.fuldaer-nachrichten.de\/?p=168467"},"modified":"2017-10-10T10:28:51","modified_gmt":"2017-10-10T08:28:51","slug":"neugestaltung-des-vorplatzes-klinikum-fulda-1-bauabschnitt-abgeschlossen-neue-verkehrsfuehrung","status":"publish","type":"post","link":"https:\/\/www.fuldaernachrichten.de\/?p=168467","title":{"rendered":"Neugestaltung des Vorplatzes Klinikum Fulda: 1. Bauabschnitt abgeschlossen Neue Verkehrsf\u00fchrung"},"content":{"rendered":"<p>Die erste Phase der Neugestaltung des Vorplatzes am Klinikum Fulda ist abgeschlossen. Mit \u00d6ffnung der vorl\u00e4ufigen Einfahrt gegen\u00fcber dem Haupteingang wird ein Teil des neuen Vorplatzes am Wochenende freigegeben.   Eine gute Nachricht f\u00fcr Klinikbesucher: 35 zus\u00e4tzliche Stellpl\u00e4tze f\u00fcr Taxis, Personen mit spezieller Berechtigung und f\u00fcr das  Bringen und Abholen von Patienten (Kurzzeitparken bis 30 Minuten) stehen damit ab sofort zur Verf\u00fcgung. Patienten und Angeh\u00f6rige k\u00f6nnen jetzt direkt vor dem Haupteingang ebenerdig ein- und aussteigen. <\/p>\n<p>Die neue \u2013 provisorische &#8211; Zufahrt wird die sp\u00e4tere Ausfahrt der Stra\u00dfe rund um die Magistrale sein, die sich nach Fertigstellung vom Haupteingang bis zur Pacelliallee erstrecken wird. Daf\u00fcr wird die Verkehrsf\u00fchrung auf der Pacelliallee angepasst. Der zweite Bauabschnitt beginnt  ab Montag, dem 09.10.17, mit den Arbeiten am Parkplatz vor der Kinderklinik. Die bisherige Be- und Entladezone vor der Kinderklinik steht dann nicht mehr zur Verf\u00fcgung.<\/p>\n<p>\u201eDie Neugestaltung des Vorplatzes geht z\u00fcgig  voran. Diese erfreuliche Entwicklung kommt unseren Patienten und deren Angeh\u00f6rigen zugute\u201c, so Vorstandssprecher PD Dr. Thomas Menzel. \u201eUnser Dank gilt der Stadt Fulda, die die Finanzierung \u00fcbernommen hat&#8221;, erg\u00e4nzt sein Kollege Andr\u00e9 Eydt.\u00c2\u00a0<\/p>\n<p>Begonnen hat die Neuordnung des Vorplatzes im Juni 2017. Neben einem Bring- und Abholbereich entstehen dort Kurzzeitparkpl\u00e4tze und ein kleiner  Kinderspielplatz mit Spielger\u00e4ten und viel Gr\u00fcn. Das Projekt ist in vier Bauabschnitte unterteilt. Der eigentliche Vorplatz wird bis Ende dieses Jahres fertig. Die Stadt Fulda  hat Mittel in H\u00f6he von 1,4 Millionen Euro zur Verf\u00fcgung gestellt. \u201eMit der Neugestaltung des Vorplatzes wird das langj\u00e4hrige Provisorium endlich aufgel\u00f6st und das Klinikum erh\u00e4lt ein angemessenes Entree. Das ist ein kleiner aber wichtiger Baustein im Zuge der baulichen Konsolidierung\u201c, stellt Oberb\u00fcrgermeister und Aufsichtsratsvorsitzender der Klinikum Fulda gAG, Dr. Heiko Wingenfeld fest. Die Planung wurde vom B\u00fcro Alkewitz aus Erfurt erstellt, das bereits im Jahr 2010 mit den Planungen der Au\u00dfenanlagen im Rahmen der neuen Eingangshalle beauftragt worden war. Die bauliche Ausf\u00fchrung \u00fcbernimmt die Firma Heinrich K\u00fcllmer GmbH &#038; Co. KG aus Fulda.<\/p>\n<p>Bildunterschrift: Ab heute \u00fcber die provisorische Einfahrt zug\u00e4nglich: Der neue Parkplatz f\u00fcr Taxis und zum Ein- und Aussteigen direkt vor dem Haupteingang des Klinikums Fulda<\/p>\n","protected":false},"excerpt":{"rendered":"<div class=\"tmnf_excerpt\"><p>Die erste Phase der Neugestaltung des Vorplatzes am Klinikum Fulda ist abgeschlossen. Mit \u00d6ffnung der vorl\u00e4ufigen Einfahrt gegen\u00fcber dem Haupteingang wird ein Teil des neuen Vorplatzes am Wochenende freigegeben. Eine gute Nachricht f\u00fcr Klinikbesucher: 35 zus\u00e4tzliche Stellpl\u00e4tze f\u00fcr Taxis, Personen mit spezieller Berechtigung und f\u00fcr das Bringen und Abholen von Patienten (Kurzzeitparken bis 30 Minuten) &hellip;<\/p>\n<\/div>","protected":false},"author":1,"featured_media":168471,"comment_status":"closed","ping_status":"closed","sticky":false,"template":"","format":"standard","meta":{"footnotes":""},"categories":[1],"tags":[],"class_list":["post-168467","post","type-post","status-publish","format-standard","has-post-thumbnail","hentry","category-startseite"],"_links":{"self":[{"href":"https:\/\/www.fuldaernachrichten.de\/index.php?rest_route=\/wp\/v2\/posts\/168467","targetHints":{"allow":["GET"]}}],"collection":[{"href":"https:\/\/www.fuldaernachrichten.de\/index.php?rest_route=\/wp\/v2\/posts"}],"about":[{"href":"https:\/\/www.fuldaernachrichten.de\/index.php?rest_route=\/wp\/v2\/types\/post"}],"author":[{"embeddable":true,"href":"https:\/\/www.fuldaernachrichten.de\/index.php?rest_route=\/wp\/v2\/users\/1"}],"replies":[{"embeddable":true,"href":"https:\/\/www.fuldaernachrichten.de\/index.php?rest_route=%2Fwp%2Fv2%2Fcomments&post=168467"}],"version-history":[{"count":1,"href":"https:\/\/www.fuldaernachrichten.de\/index.php?rest_route=\/wp\/v2\/posts\/168467\/revisions"}],"predecessor-version":[{"id":168472,"href":"https:\/\/www.fuldaernachrichten.de\/index.php?rest_route=\/wp\/v2\/posts\/168467\/revisions\/168472"}],"wp:featuredmedia":[{"embeddable":true,"href":"https:\/\/www.fuldaernachrichten.de\/index.php?rest_route=\/wp\/v2\/media\/168471"}],"wp:attachment":[{"href":"https:\/\/www.fuldaernachrichten.de\/index.php?rest_route=%2Fwp%2Fv2%2Fmedia&parent=168467"}],"wp:term":[{"taxonomy":"category","embeddable":true,"href":"https:\/\/www.fuldaernachrichten.de\/index.php?rest_route=%2Fwp%2Fv2%2Fcategories&post=168467"},{"taxonomy":"post_tag","embeddable":true,"href":"https:\/\/www.fuldaernachrichten.de\/index.php?rest_route=%2Fwp%2Fv2%2Ftags&post=168467"}],"curies":[{"name":"wp","href":"https:\/\/api.w.org\/{rel}","templated":true}]}}