{"id":168459,"date":"2017-10-10T10:27:52","date_gmt":"2017-10-10T08:27:52","guid":{"rendered":"http:\/\/www.fuldaer-nachrichten.de\/?p=168459"},"modified":"2017-10-10T10:27:52","modified_gmt":"2017-10-10T08:27:52","slug":"welt-restless-legs-tag-wenn-die-beine-nicht-zur-ruhe-kommen-klinikum-fulda-und-selbsthilfegruppe-rls-fulda-starten-info-aktion","status":"publish","type":"post","link":"https:\/\/www.fuldaernachrichten.de\/?p=168459","title":{"rendered":"Welt-Restless-Legs-Tag;  \u201eWenn die Beine nicht zur Ruhe kommen\u201c Klinikum Fulda und Selbsthilfegruppe RLS Fulda starten Info-Aktion"},"content":{"rendered":"<p>Ziehen, Rei\u00dfen, Kribbeln und Zucken in den Beinen bei k\u00f6rperliche Ruhe, unruhiges Umhergehen, kaum still sitzen k\u00f6nnen: Das ist das Restless Legs Syndrom, eine der h\u00e4ufigsten neurologischen Erkrankungen in Deutschland. Aber: Unklare Symptome, Fragen zu Diagnose und Therapie besch\u00e4ftigen viele Betroffene und machen die Diagnosestellung oft schwierig. <\/p>\n<p>Zum \u201eWelt-Restless-Legs-Tag\u201c am 23.09.2017 haben das Klinikum Fulda und die Selbsthilfegruppe RLS Fulda daher eine umfassende Info-Aktion gestartet: Im Rahmen der Patientenakademie \u201eRestless Legs Syndrom \u2013 eine Volkskrankheit. Gibt es neue Erkenntnisse?\u201c konnten sich  Interessierte von 10 bis 12 Uhr im H\u00f6rsaal des Klinikums Fulda bei verschiedenen Vortr\u00e4gen rund um das Thema RLS informieren.<\/p>\n<p>\u00dcber den aktuellen Stand von Diagnostik und Therapie dieser h\u00e4ufigen Erkrankung zu informieren sowie Erfahrungen und Informationen direkt vor Ort zu erm\u00f6glichen, war das Ziel der Veranstaltung, die unter der medizinischen Leitung von Dr. med. J\u00fcrgen Klotz stand, Leitender Oberarzt der Klinik f\u00fcr Neurologie am Klinikum Fulda. \u201eDas Interesse war sehr gro\u00df und der H\u00f6rsaal \u00fcbervoll. Das zeigt uns, dass das Thema auch hier bei uns in Osthessen von gro\u00dfer Bedeutung ist  Zahlreiche Fragen und pers\u00f6nliche Erfahrungen aus dem Publikum konnten besprochen werden\u201c, freute sich Dr. Klotz. <\/p>\n<p>Nach der Begr\u00fc\u00dfung durch Karla L\u00f6ffel von der Selbsthilfegruppe RLS er\u00f6ffnete er die vierteilige Vortragsrunde mit einem umfassenden Einstieg in \u201eRestless-Legs: Eine Volkskrankheit\u201c. Mit neuen Erkenntnissen zur Krankheit erg\u00e4nzte Priv.-Doz. Dr. Cornelius Bachmann, Chefarzt der Neurologie von der Paracelsus Klinik Osnabr\u00fcck, das Programm, w\u00e4hrend Nicole Vornberger, Ober\u00e4rztin der Medizinischen Klinik III (Nephrologie), \u00fcber \u201eRLS im Klinikum Fulda. Besonderheiten bei der Dialyse\u201c berichtete. Mihttp:\/\/www.fuldaer-nachrichten.de\/wp-admin\/post-new.phpt seinem Vortrag zu \u201eRLS \u2013 Besonderheiten bei der Narkose\u201c rundete Dr. Rainer Meissel, Leitender Oberarzt der Klinik f\u00fcr An\u00e4sthesiologie, Intensiv- und Notfallmedizin, den informativen Vormittag ab.<\/p>\n<p>Neben den Vortr\u00e4gen war ebenfalls der Infostand, den die Selbsthilfegruppe RLS Fulda am 22.09.17 von 10 bis 15 Uhr in der Eingangshalle betreute, wichtiger Bestandteil des Welt-RLS-Tages im Klinikum Fulda. Dank pers\u00f6nlicher Ansprechpartner direkt vor Ort und einer gro\u00dfen Auswahl an Informationsmaterialien warteten Fakten und Neuigkeiten \u00fcber das Krankheitsbild, die Symptome oder Ursachen, aber auch Diagnose und Therapieziele auf die Besucher, ebenso wie Tipps f\u00fcr den Umgang mit der Krankheit im Alltag.<\/p>\n<p>Erkennen sollten die Betroffenen durch die Aktion vor allem eines: Sie sind nicht allein. \u201eDieses Forum und der Infostand sollen \u00fcber das Krankheitsbild, die Begleitumst\u00e4nde, Ursachen und die Behandlungsm\u00f6glichkeiten informieren. Gegenseitiger Austausch vor Ort ist unerl\u00e4sslich. Wir danken dem Klinikum Fulda und insbesondere Dr. Klotz f\u00fcr die Unterst\u00fctzung. Auch in der Selbsthilfegruppe treffen sich Betroffene mit dem gleichen Krankheitsbild, tauschen Erfahrungen aus und wichtig: Sie sprechen mit Menschen mit den gleichen Erfahrungen\u201c, erkl\u00e4rt Karla L\u00f6ffel von der RLS Selbsthilfegruppe Fulda.<\/p>\n<p>Bildunterschrift: Zum Welt-Restless-Legs-Tag aktiv: (von rechts) Frau Karla L\u00f6ffel von der Selbsthilfegruppe RLS Fulda, Herr Dr. J\u00fcrgen Klotz, Leitender Oberarzt der Klinik f\u00fcr Neurologie am Klinikum Fulda, Frau Irene Manger und Frau Gerda G\u00e4rtner, beide ebenfalls von der Selbsthilfegruppe RLS Fulda.<\/p>\n<p>Bildnachweis: Foto Denise Gundlach\/ Klinikum Fulda<\/p>\n","protected":false},"excerpt":{"rendered":"<div class=\"tmnf_excerpt\"><p>Ziehen, Rei\u00dfen, Kribbeln und Zucken in den Beinen bei k\u00f6rperliche Ruhe, unruhiges Umhergehen, kaum still sitzen k\u00f6nnen: Das ist das Restless Legs Syndrom, eine der h\u00e4ufigsten neurologischen Erkrankungen in Deutschland. Aber: Unklare Symptome, Fragen zu Diagnose und Therapie besch\u00e4ftigen viele Betroffene und machen die Diagnosestellung oft schwierig. Zum \u201eWelt-Restless-Legs-Tag\u201c am 23.09.2017 haben das Klinikum Fulda &hellip;<\/p>\n<\/div>","protected":false},"author":1,"featured_media":168468,"comment_status":"closed","ping_status":"closed","sticky":false,"template":"","format":"standard","meta":{"footnotes":""},"categories":[1],"tags":[],"class_list":["post-168459","post","type-post","status-publish","format-standard","has-post-thumbnail","hentry","category-startseite"],"_links":{"self":[{"href":"https:\/\/www.fuldaernachrichten.de\/index.php?rest_route=\/wp\/v2\/posts\/168459","targetHints":{"allow":["GET"]}}],"collection":[{"href":"https:\/\/www.fuldaernachrichten.de\/index.php?rest_route=\/wp\/v2\/posts"}],"about":[{"href":"https:\/\/www.fuldaernachrichten.de\/index.php?rest_route=\/wp\/v2\/types\/post"}],"author":[{"embeddable":true,"href":"https:\/\/www.fuldaernachrichten.de\/index.php?rest_route=\/wp\/v2\/users\/1"}],"replies":[{"embeddable":true,"href":"https:\/\/www.fuldaernachrichten.de\/index.php?rest_route=%2Fwp%2Fv2%2Fcomments&post=168459"}],"version-history":[{"count":1,"href":"https:\/\/www.fuldaernachrichten.de\/index.php?rest_route=\/wp\/v2\/posts\/168459\/revisions"}],"predecessor-version":[{"id":168469,"href":"https:\/\/www.fuldaernachrichten.de\/index.php?rest_route=\/wp\/v2\/posts\/168459\/revisions\/168469"}],"wp:featuredmedia":[{"embeddable":true,"href":"https:\/\/www.fuldaernachrichten.de\/index.php?rest_route=\/wp\/v2\/media\/168468"}],"wp:attachment":[{"href":"https:\/\/www.fuldaernachrichten.de\/index.php?rest_route=%2Fwp%2Fv2%2Fmedia&parent=168459"}],"wp:term":[{"taxonomy":"category","embeddable":true,"href":"https:\/\/www.fuldaernachrichten.de\/index.php?rest_route=%2Fwp%2Fv2%2Fcategories&post=168459"},{"taxonomy":"post_tag","embeddable":true,"href":"https:\/\/www.fuldaernachrichten.de\/index.php?rest_route=%2Fwp%2Fv2%2Ftags&post=168459"}],"curies":[{"name":"wp","href":"https:\/\/api.w.org\/{rel}","templated":true}]}}