{"id":168451,"date":"2017-10-10T10:21:28","date_gmt":"2017-10-10T08:21:28","guid":{"rendered":"http:\/\/www.fuldaer-nachrichten.de\/?p=168451"},"modified":"2017-10-10T10:21:28","modified_gmt":"2017-10-10T08:21:28","slug":"fit-in-mathematik-ferienkurs","status":"publish","type":"post","link":"https:\/\/www.fuldaernachrichten.de\/?p=168451","title":{"rendered":"Fit in Mathematik- Ferienkurs"},"content":{"rendered":"<p>Einen einw\u00f6chigen Kompaktkurs Mathematik f\u00fcr die Klassen 9 und 10 in den Herbstferien startet die St\u00e4dtische Volkshochschule. Ab 16.10.17 k\u00f6nnen Interessierte in der Zeit von 9 bis 12 Uhr den Stoff zur Algebra und Geometrie unter fachkundiger Anleitung wiederholen und vertiefen. Eine verbindliche Vorbesprechung findet statt am Freitag, den 13.10.17, um 12.00 Uhr im Vhs-Haus, Unterm Heilig Kreuz 1.<\/p>\n","protected":false},"excerpt":{"rendered":"<div class=\"tmnf_excerpt\"><p>Einen einw\u00f6chigen Kompaktkurs Mathematik f\u00fcr die Klassen 9 und 10 in den Herbstferien startet die St\u00e4dtische Volkshochschule. Ab 16.10.17 k\u00f6nnen Interessierte in der Zeit von 9 bis 12 Uhr den Stoff zur Algebra und Geometrie unter fachkundiger Anleitung wiederholen und vertiefen. Eine verbindliche Vorbesprechung findet statt am Freitag, den 13.10.17, um 12.00 Uhr im Vhs-Haus, &hellip;<\/p>\n<\/div>","protected":false},"author":1,"featured_media":0,"comment_status":"closed","ping_status":"closed","sticky":false,"template":"","format":"standard","meta":{"footnotes":""},"categories":[1],"tags":[],"class_list":["post-168451","post","type-post","status-publish","format-standard","hentry","category-startseite"],"_links":{"self":[{"href":"https:\/\/www.fuldaernachrichten.de\/index.php?rest_route=\/wp\/v2\/posts\/168451","targetHints":{"allow":["GET"]}}],"collection":[{"href":"https:\/\/www.fuldaernachrichten.de\/index.php?rest_route=\/wp\/v2\/posts"}],"about":[{"href":"https:\/\/www.fuldaernachrichten.de\/index.php?rest_route=\/wp\/v2\/types\/post"}],"author":[{"embeddable":true,"href":"https:\/\/www.fuldaernachrichten.de\/index.php?rest_route=\/wp\/v2\/users\/1"}],"replies":[{"embeddable":true,"href":"https:\/\/www.fuldaernachrichten.de\/index.php?rest_route=%2Fwp%2Fv2%2Fcomments&post=168451"}],"version-history":[{"count":1,"href":"https:\/\/www.fuldaernachrichten.de\/index.php?rest_route=\/wp\/v2\/posts\/168451\/revisions"}],"predecessor-version":[{"id":168455,"href":"https:\/\/www.fuldaernachrichten.de\/index.php?rest_route=\/wp\/v2\/posts\/168451\/revisions\/168455"}],"wp:attachment":[{"href":"https:\/\/www.fuldaernachrichten.de\/index.php?rest_route=%2Fwp%2Fv2%2Fmedia&parent=168451"}],"wp:term":[{"taxonomy":"category","embeddable":true,"href":"https:\/\/www.fuldaernachrichten.de\/index.php?rest_route=%2Fwp%2Fv2%2Fcategories&post=168451"},{"taxonomy":"post_tag","embeddable":true,"href":"https:\/\/www.fuldaernachrichten.de\/index.php?rest_route=%2Fwp%2Fv2%2Ftags&post=168451"}],"curies":[{"name":"wp","href":"https:\/\/api.w.org\/{rel}","templated":true}]}}