{"id":168450,"date":"2017-10-10T10:21:21","date_gmt":"2017-10-10T08:21:21","guid":{"rendered":"http:\/\/www.fuldaer-nachrichten.de\/?p=168450"},"modified":"2017-10-10T10:21:21","modified_gmt":"2017-10-10T08:21:21","slug":"10-jahre-landesjugendblasorchester-hessen-viel-erreicht-und-noch-viel-vor","status":"publish","type":"post","link":"https:\/\/www.fuldaernachrichten.de\/?p=168450","title":{"rendered":"10 Jahre Landesjugendblasorchester Hessen  &#8211; Viel erreicht und noch viel vor"},"content":{"rendered":"<p>Im Herbst 2007 wurde in Hessen ein verb\u00e4nde\u00fcbergreifendes Landesjugendblasorchester (LJBO Hessen) gegr\u00fcndet. Unter der Tr\u00e4gerschaft der Arbeitsgemeinschaft Hessischer Musikverb\u00e4nde (AHM) e.V. gibt das LJBO Hessen als Auswahlorchester jungen, begabten Bl\u00e4serinnen und Bl\u00e4sern die M\u00f6glichkeit, sich mit Gleichgesinnten aus anderen Musikverb\u00e4nden auszutauschen und besonders anspruchsvolle Blasorchesterliteratur einzustudieren.<\/p>\n<p>Gef\u00f6rdert wird das Landesjugendblasorchester vom Hessischen Ministerium f\u00fcr Wissenschaft und Kunst. Seit der 1. Arbeitsphase an Ostern 2008 erarbeitet das Orchester Werke der symphonischen Blasmusikliteratur in zwei einw\u00f6chigen Arbeitsphasen pro Jahr. Somit pr\u00e4sentiert das Orchester nun bereits zum 20. Mal die Ergebnisse der Probenarbeit im Rahmen eines Konzertes. Da das Orchester h\u00e4ufig in der Jugendherberge Oberbernhards an der Milseburg \u00fcbernachtete, lag der Kompositionsauftrag \u00fcber diesen Berg an Rolf Rudin zum 10. Geburtstag nahe. Mit \u201eKlingsteinberg\u201c setzt der Komponist sowohl dem geschichtstr\u00e4chtigen Berg, als auch dem Orchester ein musikalisches Denkmal. Weitere besondere H\u00f6hepunkte der letzten 10 Jahre waren die Konzertreisen nach Schladming und Riva del Garda, w\u00e4hrend denen das Orchester sehr erfolgreich an Wettbewerben teilnahm. Dieses Jahr kamen sogar die ersten \u201eOrchesterkinder\u201c zur Welt. Das Landesjugendblasorchester Hessen blickt also bereits auf ein tolles Jahrzehnt zur\u00fcck und freut sich auf die n\u00e4chsten Aufgaben. <\/p>\n<p>Das Jubil\u00e4umskonzert findet am 14. Oktober 2017 um 19.00 Uhr in der Orangerie in Fulda statt. In diesem Jahr pr\u00e4sentiert sich das LJBOH gleich unter Leitung von drei Dirigenten. Neben Prof. Hans R\u00fcckert, langj\u00e4hriger Freund des Orchesters und F\u00f6rderer, dirigieren Jens Weismantel als k\u00fcnstlerischer Leiter des Orchesters, und Rolf Rudin als Gastdirigent, Komponist von \u201eKlingsteinberg\u201c und ebenfalls Freund des Orchesters. Auf dem Programm stehen weiter Werke von Gershwin, Wagner und Aulio.<\/p>\n<p>Weitere Informationen \u00fcber das Orchester, die Reservierung von Eintrittskarten und die M\u00f6glichkeit zur Kartenhinterlegung an der Abendkasse finden Sie unter<br \/>\nwww.ljbo-hessen.de.<\/p>\n","protected":false},"excerpt":{"rendered":"<div class=\"tmnf_excerpt\"><p>Im Herbst 2007 wurde in Hessen ein verb\u00e4nde\u00fcbergreifendes Landesjugendblasorchester (LJBO Hessen) gegr\u00fcndet. Unter der Tr\u00e4gerschaft der Arbeitsgemeinschaft Hessischer Musikverb\u00e4nde (AHM) e.V. gibt das LJBO Hessen als Auswahlorchester jungen, begabten Bl\u00e4serinnen und Bl\u00e4sern die M\u00f6glichkeit, sich mit Gleichgesinnten aus anderen Musikverb\u00e4nden auszutauschen und besonders anspruchsvolle Blasorchesterliteratur einzustudieren. Gef\u00f6rdert wird das Landesjugendblasorchester vom Hessischen Ministerium f\u00fcr Wissenschaft &hellip;<\/p>\n<\/div>","protected":false},"author":1,"featured_media":168453,"comment_status":"closed","ping_status":"closed","sticky":false,"template":"","format":"standard","meta":{"footnotes":""},"categories":[1],"tags":[],"class_list":["post-168450","post","type-post","status-publish","format-standard","has-post-thumbnail","hentry","category-startseite"],"_links":{"self":[{"href":"https:\/\/www.fuldaernachrichten.de\/index.php?rest_route=\/wp\/v2\/posts\/168450","targetHints":{"allow":["GET"]}}],"collection":[{"href":"https:\/\/www.fuldaernachrichten.de\/index.php?rest_route=\/wp\/v2\/posts"}],"about":[{"href":"https:\/\/www.fuldaernachrichten.de\/index.php?rest_route=\/wp\/v2\/types\/post"}],"author":[{"embeddable":true,"href":"https:\/\/www.fuldaernachrichten.de\/index.php?rest_route=\/wp\/v2\/users\/1"}],"replies":[{"embeddable":true,"href":"https:\/\/www.fuldaernachrichten.de\/index.php?rest_route=%2Fwp%2Fv2%2Fcomments&post=168450"}],"version-history":[{"count":1,"href":"https:\/\/www.fuldaernachrichten.de\/index.php?rest_route=\/wp\/v2\/posts\/168450\/revisions"}],"predecessor-version":[{"id":168454,"href":"https:\/\/www.fuldaernachrichten.de\/index.php?rest_route=\/wp\/v2\/posts\/168450\/revisions\/168454"}],"wp:featuredmedia":[{"embeddable":true,"href":"https:\/\/www.fuldaernachrichten.de\/index.php?rest_route=\/wp\/v2\/media\/168453"}],"wp:attachment":[{"href":"https:\/\/www.fuldaernachrichten.de\/index.php?rest_route=%2Fwp%2Fv2%2Fmedia&parent=168450"}],"wp:term":[{"taxonomy":"category","embeddable":true,"href":"https:\/\/www.fuldaernachrichten.de\/index.php?rest_route=%2Fwp%2Fv2%2Fcategories&post=168450"},{"taxonomy":"post_tag","embeddable":true,"href":"https:\/\/www.fuldaernachrichten.de\/index.php?rest_route=%2Fwp%2Fv2%2Ftags&post=168450"}],"curies":[{"name":"wp","href":"https:\/\/api.w.org\/{rel}","templated":true}]}}