{"id":168444,"date":"2017-10-06T08:22:59","date_gmt":"2017-10-06T06:22:59","guid":{"rendered":"http:\/\/www.fuldaer-nachrichten.de\/?p=168444"},"modified":"2017-10-06T08:22:59","modified_gmt":"2017-10-06T06:22:59","slug":"40-jahre-im-oeffentlichen-dienst-buergermeister-manfred-helfrich-feierte-dienstjubilaeum","status":"publish","type":"post","link":"https:\/\/www.fuldaernachrichten.de\/?p=168444","title":{"rendered":"40 Jahre im \u00d6ffentlichen Dienst &#8211; B\u00fcrgermeister Manfred Helfrich feierte Dienstjubil\u00e4um"},"content":{"rendered":"<p>Am 03. Oktober 2017 konnte B\u00fcrgermeister Manfred Helfrich auf 40 Jahre berufliche T\u00e4tigkeit im \u00d6ffentlichen Dienst zur\u00fcckblicken. Davon 24 Jahre im Dienst bei der Polizei des Landes Hessen und inzwischen 16 Jahre als Wahlbeamter in der Funktion des B\u00fcrgermeisters der Gemeinde Poppenhausen (Wasserkuppe).<\/p>\n<p>40 Jahre im Berufsleben sind ein langer Zeitabschnitt. Ersten beruflichen Erfahrungen nach der Ausbildung schlie\u00dfen sich zunehmend Herausforderungen am Arbeitsplatz an und erweitern den fachlichen Horizont. Berufliche Erfolge geben Selbstbest\u00e4tigung und bilden die Grundlage f\u00fcr einen Werdegang, eine berufliche Entwicklung.<\/p>\n<p>Die Zugeh\u00f6rigkeit zum \u00d6ffentlichen Dienst begr\u00fcndet ein besonderes Dienst- und Treueverh\u00e4ltnis \u2013 von beiden Seiten \u2013 vom Beamten wie auch vom Dienstherrn.<\/p>\n<p>Zum Anlass des Dienstjubil\u00e4ums hatten der Erste Beigeordnete Manfred Herget und der Vorsitzende der Gemeindevertretung Frank Unger zu einer kleinen Feierstunde in den Rathaus-Saal eingeladen. Dort hatten sich die Mitarbeiterinnen und Mitarbeiter, einige Wegbegleiter der Kommunalpolitik und Familienangeh\u00f6rige eingefunden.<\/p>\n<p>Die Dienstzeiten des Jubilars zeichneten f\u00fcr den Dienst beim Land Hessen G\u00fcnter Vo\u00df, der Pr\u00e4sident des Polizeipr\u00e4sidiums Osthessen und f\u00fcr die Gemeinde Manfred Herget, der Erste Beigeordnete nach.<\/p>\n<p>Der Polizeipr\u00e4sident f\u00fchrte aus, dass Manfred Helfrich nach Aus- und Weiterbildung in den Standorten Kassel, M\u00fchlheim\/Main und Wiesbaden zun\u00e4chst in der Bereitschaftspolizei eingesetzt wurde, bevor er 1981 in den polizeilichen Einzeldienst zur Polizeistation Heusenstamm wechselte. Bereits in 1983 wurde er zur Polizeistation Hanau-Gro\u00dfauheim versetzt. Von 1989-1991 absolvierte er ein Studium an der Verwaltungsfachhochschule Wiesbaden mit dem Abschluss Diplom-Verwaltungswirt (FH). Es erfolgten Bef\u00f6rderungen bis zum Polizeihauptkommissar. Vor der Wahl zum B\u00fcrgermeister der Gemeinde Poppenhausen (Wasserkuppe) im Jahr 2001 hatte er die Funktion eines Dienstgruppenleiters bei der Polizeistation Gelnhausen.<\/p>\n<p>Die Verbindung zur Polizei ist seither nicht abgerissen, schlie\u00dflich sind sein Sohn, seine Tochter und seine Schwiegertochter ebenso Polizeibeamte des Landes Hessen.<\/p>\n<p>G\u00fcnter Vo\u00df lobte den zielstrebigen Werdegang des Dienst-Jubilars, mit dem er seit Jahren in guter Verbindung stehe. Durch den Wechsel in die Kommunalpolitik habe das Land Hessen zwar einen engagierten Polizeibeamten verloren, doch nach seiner Kenntnis und Wahrnehmung sei dies letztlich ein echter Gewinn f\u00fcr Poppenhausen, die Heimatgemeinde von Manfred Helfrich gewesen.<\/p>\n<p>Manfred Herget stellte heraus, dass der Jubilar bereits seit 26 Jahren an vorderer Stelle Verantwortung \u00fcbernommen habe und sich nachhaltig f\u00fcr die Belange der Gemeinde Poppenhausen einsetzt, von 1991-2001 als Erster Beigeordneter und seit 2001 als B\u00fcrgermeister. In drei Direktwahlen sei er \u00fcberzeugend gew\u00e4hlt bzw. mit \u00fcberw\u00e4ltigender Mehrheit im Amt best\u00e4tigt worden. <\/p>\n<p>Viele Projekte seien in gemeinsamer Anstrengung mit den gemeindlichen Gremien und der aktiven B\u00fcrgerschaft realisiert worden. Die Luftkurortgemeinde habe sich in dieser Zeit zukunftsf\u00e4hig entwickelt und k\u00f6nne hoffnungsvoll in die Zukunft blicken.<br \/>\nHerget bezog auch Ehefrau Regina in seinen Dank ein, gratulierte dem B\u00fcrgermeister und w\u00fcnschte vor allem Gesundheit sowie eine weitere vertrauensvolle Zusammenarbeit.<\/p>\n<p>Der Geehrte freute sich \u00fcber f\u00fcr die Wertsch\u00e4tzung und die Gl\u00fcckw\u00fcnsche. Er habe im Leben bisher viel Gl\u00fcck gehabt. Manfred Helfrich dankte seinen F\u00f6rderern, den Wegbegleiter, den Kolleginnen und Kollegen wie er seine Mitarbeiter\/-innen nennt und vor allem seiner Frau Regina und der Familie f\u00fcr die Unterst\u00fctzung und das Verst\u00e4ndnis.<\/p>\n<p>Ein B\u00fcrgermeister stehe stets im Blickpunkt und in der Wahrnehmung der \u00d6ffentlichkeit, er sei sozusagen immer im Dienst. Dies seien besondere Anforderungen, die das Amt kennzeichnen. <\/p>\n<p>Auch k\u00fcnftig wolle er sich mit Freude f\u00fcr seine Heimatgemeinde engagieren und den B\u00fcrgerinnen und B\u00fcrgern auf Augenh\u00f6he begegnen. Mit einem ungebrochenen Gestaltungswillen m\u00f6ge noch so manches vorangebracht werden&#8230;<\/p>\n","protected":false},"excerpt":{"rendered":"<div class=\"tmnf_excerpt\"><p>Am 03. Oktober 2017 konnte B\u00fcrgermeister Manfred Helfrich auf 40 Jahre berufliche T\u00e4tigkeit im \u00d6ffentlichen Dienst zur\u00fcckblicken. Davon 24 Jahre im Dienst bei der Polizei des Landes Hessen und inzwischen 16 Jahre als Wahlbeamter in der Funktion des B\u00fcrgermeisters der Gemeinde Poppenhausen (Wasserkuppe). 40 Jahre im Berufsleben sind ein langer Zeitabschnitt. Ersten beruflichen Erfahrungen nach &hellip;<\/p>\n<\/div>","protected":false},"author":1,"featured_media":168447,"comment_status":"closed","ping_status":"closed","sticky":false,"template":"","format":"standard","meta":{"footnotes":""},"categories":[1],"tags":[],"class_list":["post-168444","post","type-post","status-publish","format-standard","has-post-thumbnail","hentry","category-startseite"],"_links":{"self":[{"href":"https:\/\/www.fuldaernachrichten.de\/index.php?rest_route=\/wp\/v2\/posts\/168444","targetHints":{"allow":["GET"]}}],"collection":[{"href":"https:\/\/www.fuldaernachrichten.de\/index.php?rest_route=\/wp\/v2\/posts"}],"about":[{"href":"https:\/\/www.fuldaernachrichten.de\/index.php?rest_route=\/wp\/v2\/types\/post"}],"author":[{"embeddable":true,"href":"https:\/\/www.fuldaernachrichten.de\/index.php?rest_route=\/wp\/v2\/users\/1"}],"replies":[{"embeddable":true,"href":"https:\/\/www.fuldaernachrichten.de\/index.php?rest_route=%2Fwp%2Fv2%2Fcomments&post=168444"}],"version-history":[{"count":1,"href":"https:\/\/www.fuldaernachrichten.de\/index.php?rest_route=\/wp\/v2\/posts\/168444\/revisions"}],"predecessor-version":[{"id":168449,"href":"https:\/\/www.fuldaernachrichten.de\/index.php?rest_route=\/wp\/v2\/posts\/168444\/revisions\/168449"}],"wp:featuredmedia":[{"embeddable":true,"href":"https:\/\/www.fuldaernachrichten.de\/index.php?rest_route=\/wp\/v2\/media\/168447"}],"wp:attachment":[{"href":"https:\/\/www.fuldaernachrichten.de\/index.php?rest_route=%2Fwp%2Fv2%2Fmedia&parent=168444"}],"wp:term":[{"taxonomy":"category","embeddable":true,"href":"https:\/\/www.fuldaernachrichten.de\/index.php?rest_route=%2Fwp%2Fv2%2Fcategories&post=168444"},{"taxonomy":"post_tag","embeddable":true,"href":"https:\/\/www.fuldaernachrichten.de\/index.php?rest_route=%2Fwp%2Fv2%2Ftags&post=168444"}],"curies":[{"name":"wp","href":"https:\/\/api.w.org\/{rel}","templated":true}]}}