{"id":168438,"date":"2017-10-06T08:21:28","date_gmt":"2017-10-06T06:21:28","guid":{"rendered":"http:\/\/www.fuldaer-nachrichten.de\/?p=168438"},"modified":"2017-10-06T08:21:28","modified_gmt":"2017-10-06T06:21:28","slug":"kreismitgliederversammlung-von-buendnis-90die-gruenen-fulda","status":"publish","type":"post","link":"https:\/\/www.fuldaernachrichten.de\/?p=168438","title":{"rendered":"Kreismitgliederversammlung von B\u00fcndnis 90\/Die Gr\u00fcnen Fulda"},"content":{"rendered":"<p>Bei ihrer Kreismitgliederversammlung nach der Wahl bedankten sich die Mitglieder bei ihrem Direktkandidaten Walter Rammler f\u00fcr sein Engagement f\u00fcr den Wahlkampf und w\u00e4hlten die Delegierten f\u00fcr den n\u00e4chsten Bundesparteitag, der \u00fcber Koalitionsgespr\u00e4che entscheiden wird. Gew\u00e4hlt wurden Bernd Eckart und Deborah M\u00fcller-Kottusch.<\/p>\n<p>Mit der Unterst\u00fctzung Gr\u00fcner Prominenz aus EU (Ska Keller und Martin H\u00e4usling), Bund (Simone Peter, Omid Nouripour) und Land (Priska Hinz, Tarek Al&#8217;Wazir, Daniel May, Sigrid Erfurth und Daniela Wagner) sei der Wahlkampf bunt und sch\u00f6n gewesen. Zufrieden seien die Gr\u00fcnen sowohl mit dem Abschneiden ihres Kandidaten Walter Rammler in Fulda als auch mit dem Ergebnis von 8,9% im Bund. Hier habe  sich gezeigt, dass man Wahlprognosen nicht \u00fcberbewerten d\u00fcrfe.<\/p>\n<p>Leider seien die Gr\u00fcnen nicht drittst\u00e4rkste Kraft geworden. Noch schmerzlicher sei allerdings das Abschneiden der AfD. Mit ihr ziehen in gro\u00dfer Zahl v\u00f6lkische und teils rechtsextreme Abgeordnete in den Deutschen Bundestag ein. F\u00fcr die Gr\u00fcnen sei klar, dass sie sich mit aller Entschiedenheit gegen die AfD stellen.<\/p>\n<p>Nun sei es wichtig, bei Koalitionsgespr\u00e4chen die gr\u00fcnen Themen einzubringen und weiter f\u00fcr Klimaschutz, f\u00fcr Gerechtigkeit und f\u00fcr ein stabiles, geeintes Europa zu k\u00e4mpfen. Die H\u00fcrden f\u00fcr eine Zusammenarbeit seien hoch, und es gebe keinen Automatismus f\u00fcr eine Regierungsbeteiligung. &#8220;Wenn Gespr\u00e4che nicht konstruktiv verlaufen, dann werden wir aus der Opposition f\u00fcr Ver\u00e4nderung k\u00e4mpfen.&#8221;<br \/>\nDas Foto zeigt die Teilnehmer der Mitgliederversammlung mit dem Direktkandidaten Walter Rammler sitzend vorne links.<\/p>\n","protected":false},"excerpt":{"rendered":"<div class=\"tmnf_excerpt\"><p>Bei ihrer Kreismitgliederversammlung nach der Wahl bedankten sich die Mitglieder bei ihrem Direktkandidaten Walter Rammler f\u00fcr sein Engagement f\u00fcr den Wahlkampf und w\u00e4hlten die Delegierten f\u00fcr den n\u00e4chsten Bundesparteitag, der \u00fcber Koalitionsgespr\u00e4che entscheiden wird. Gew\u00e4hlt wurden Bernd Eckart und Deborah M\u00fcller-Kottusch. Mit der Unterst\u00fctzung Gr\u00fcner Prominenz aus EU (Ska Keller und Martin H\u00e4usling), Bund (Simone &hellip;<\/p>\n<\/div>","protected":false},"author":1,"featured_media":168439,"comment_status":"closed","ping_status":"closed","sticky":false,"template":"","format":"gallery","meta":{"footnotes":""},"categories":[1],"tags":[],"class_list":["post-168438","post","type-post","status-publish","format-gallery","has-post-thumbnail","hentry","category-startseite","post_format-post-format-gallery"],"_links":{"self":[{"href":"https:\/\/www.fuldaernachrichten.de\/index.php?rest_route=\/wp\/v2\/posts\/168438","targetHints":{"allow":["GET"]}}],"collection":[{"href":"https:\/\/www.fuldaernachrichten.de\/index.php?rest_route=\/wp\/v2\/posts"}],"about":[{"href":"https:\/\/www.fuldaernachrichten.de\/index.php?rest_route=\/wp\/v2\/types\/post"}],"author":[{"embeddable":true,"href":"https:\/\/www.fuldaernachrichten.de\/index.php?rest_route=\/wp\/v2\/users\/1"}],"replies":[{"embeddable":true,"href":"https:\/\/www.fuldaernachrichten.de\/index.php?rest_route=%2Fwp%2Fv2%2Fcomments&post=168438"}],"version-history":[{"count":1,"href":"https:\/\/www.fuldaernachrichten.de\/index.php?rest_route=\/wp\/v2\/posts\/168438\/revisions"}],"predecessor-version":[{"id":168443,"href":"https:\/\/www.fuldaernachrichten.de\/index.php?rest_route=\/wp\/v2\/posts\/168438\/revisions\/168443"}],"wp:featuredmedia":[{"embeddable":true,"href":"https:\/\/www.fuldaernachrichten.de\/index.php?rest_route=\/wp\/v2\/media\/168439"}],"wp:attachment":[{"href":"https:\/\/www.fuldaernachrichten.de\/index.php?rest_route=%2Fwp%2Fv2%2Fmedia&parent=168438"}],"wp:term":[{"taxonomy":"category","embeddable":true,"href":"https:\/\/www.fuldaernachrichten.de\/index.php?rest_route=%2Fwp%2Fv2%2Fcategories&post=168438"},{"taxonomy":"post_tag","embeddable":true,"href":"https:\/\/www.fuldaernachrichten.de\/index.php?rest_route=%2Fwp%2Fv2%2Ftags&post=168438"}],"curies":[{"name":"wp","href":"https:\/\/api.w.org\/{rel}","templated":true}]}}