{"id":168420,"date":"2017-10-06T08:19:42","date_gmt":"2017-10-06T06:19:42","guid":{"rendered":"http:\/\/www.fuldaer-nachrichten.de\/?p=168420"},"modified":"2017-10-06T08:19:42","modified_gmt":"2017-10-06T06:19:42","slug":"workshop-im-frauenzentrum-entspannung-in-farbe","status":"publish","type":"post","link":"https:\/\/www.fuldaernachrichten.de\/?p=168420","title":{"rendered":"Workshop im Frauenzentrum &#8211; Entspannung in Farbe"},"content":{"rendered":"<p>Zu einem Workshop f\u00fcr Frauen zum Thema \u201eWir lernen uns neu kennen \u2013 in Farbe und ganz entspannt\u201c l\u00e4dt der F\u00f6rderverein Frauenzentrum e.V. am Donnerstag, 12. Oktober, um 19 Uhr ins Frauenzentrum Fulda, Schlossstra\u00dfe 12, ein.<\/p>\n<p>Im Workshop werden die Frauen ein Selbstportrait anfertigen und damit die M\u00f6glichkeit haben, ganz neue Seiten an sich kennen zu lernen. Anschlie\u00dfend wird eine Entspannungs\u00fcbung durchgef\u00fchrt, nach der die Eindr\u00fccke ebenfalls bildlich festgehalten werden. So k\u00f6nnen die Teilnehmerinnen ihre Entspannung mit in den Alltag mitnehmen und weiter genie\u00dfen. <\/p>\n<p>Es sind keine Zeichen- und Malkenntnisse erforderlich. Durch den Abend begleitet Annette Hellmich, Wellnesstrainerin und psychologischer Coach. Der Teilnahmebeitrag betr\u00e4gt 3,- Euro. \u00e2\u20ac\u00a8<\/p>\n<p>Informationen sind \u00fcber das Frauenb\u00fcro der Stadt Fulda, Tel. 0661 1021040 oder frauenburo@fulda.de m\u00f6glich.<\/p>\n","protected":false},"excerpt":{"rendered":"<div class=\"tmnf_excerpt\"><p>Zu einem Workshop f\u00fcr Frauen zum Thema \u201eWir lernen uns neu kennen \u2013 in Farbe und ganz entspannt\u201c l\u00e4dt der F\u00f6rderverein Frauenzentrum e.V. am Donnerstag, 12. Oktober, um 19 Uhr ins Frauenzentrum Fulda, Schlossstra\u00dfe 12, ein. Im Workshop werden die Frauen ein Selbstportrait anfertigen und damit die M\u00f6glichkeit haben, ganz neue Seiten an sich kennen &hellip;<\/p>\n<\/div>","protected":false},"author":1,"featured_media":0,"comment_status":"closed","ping_status":"closed","sticky":false,"template":"","format":"standard","meta":{"footnotes":""},"categories":[1],"tags":[],"class_list":["post-168420","post","type-post","status-publish","format-standard","hentry","category-startseite"],"_links":{"self":[{"href":"https:\/\/www.fuldaernachrichten.de\/index.php?rest_route=\/wp\/v2\/posts\/168420","targetHints":{"allow":["GET"]}}],"collection":[{"href":"https:\/\/www.fuldaernachrichten.de\/index.php?rest_route=\/wp\/v2\/posts"}],"about":[{"href":"https:\/\/www.fuldaernachrichten.de\/index.php?rest_route=\/wp\/v2\/types\/post"}],"author":[{"embeddable":true,"href":"https:\/\/www.fuldaernachrichten.de\/index.php?rest_route=\/wp\/v2\/users\/1"}],"replies":[{"embeddable":true,"href":"https:\/\/www.fuldaernachrichten.de\/index.php?rest_route=%2Fwp%2Fv2%2Fcomments&post=168420"}],"version-history":[{"count":1,"href":"https:\/\/www.fuldaernachrichten.de\/index.php?rest_route=\/wp\/v2\/posts\/168420\/revisions"}],"predecessor-version":[{"id":168431,"href":"https:\/\/www.fuldaernachrichten.de\/index.php?rest_route=\/wp\/v2\/posts\/168420\/revisions\/168431"}],"wp:attachment":[{"href":"https:\/\/www.fuldaernachrichten.de\/index.php?rest_route=%2Fwp%2Fv2%2Fmedia&parent=168420"}],"wp:term":[{"taxonomy":"category","embeddable":true,"href":"https:\/\/www.fuldaernachrichten.de\/index.php?rest_route=%2Fwp%2Fv2%2Fcategories&post=168420"},{"taxonomy":"post_tag","embeddable":true,"href":"https:\/\/www.fuldaernachrichten.de\/index.php?rest_route=%2Fwp%2Fv2%2Ftags&post=168420"}],"curies":[{"name":"wp","href":"https:\/\/api.w.org\/{rel}","templated":true}]}}