{"id":168419,"date":"2017-10-06T08:16:00","date_gmt":"2017-10-06T06:16:00","guid":{"rendered":"http:\/\/www.fuldaer-nachrichten.de\/?p=168419"},"modified":"2017-10-06T08:16:00","modified_gmt":"2017-10-06T06:16:00","slug":"herbstmesse-bei-seitz-caravaning","status":"publish","type":"post","link":"https:\/\/www.fuldaernachrichten.de\/?p=168419","title":{"rendered":"Herbstmesse bei Seitz Caravaning"},"content":{"rendered":"<p>Die Caravan-Branche boomt: In diesem Jahr zog der Caravan Salon D\u00fcsseldorf \u00fcber 232.000 Freunde der mobilen Freizeit in die Rheinmetropole \u2013 vom Caravan-Neuling bis zum Profi-Camper. Erstmals in 13 Hallen und auf einer Gesamtfl\u00e4che von 214.000 Quadratmetern pr\u00e4sentierten \u00fcber 600 Aussteller auf der weltweit gr\u00f6\u00dften Messe f\u00fcr Reisemobile und Caravans die Neuheiten der kommenden Saison. Darunter auch der InterCaravaning(IC)-H\u00e4ndler aus Fulda. \u201eZwei Trends stechen besonders hervor\u201c, wei\u00df Johannes G\u00fcnther, Gesch\u00e4ftsf\u00fchrer von Seitz Caravaning. \u201eIn der kommenden Saison werden die Modelle nicht nur deutlich komfortabler, es gibt auch immer mehr elektronische Helfer in den Fahrzeugen.\u201c Das Spektrum reicht von Assistenzsystemen wie R\u00fcckfahrkameras, Spurhaltehilfen oder Rangiersystemen bis hin zu Multimediatools. Au\u00dferdem stehen kompakte Fahrzeuge und eine individuelle Ausstattung bei Camping-Freunden hoch im Kurs. Die Vorz\u00fcge der verschiedenen Modelle konnten die Besucher auf dem Caravan Salon direkt vergleichen. Dabei standen den Interessenten die IC-Fachverk\u00e4ufer von Seitz Caravaning beratend zur Seite. \u201eDie Nachfrage und das Interesse an den Fahrzeugen war immens\u201c, berichtet G\u00fcnther begeistert. \u201eF\u00fcr uns war die Messe ein voller Erfolg. Wir konnten die Verkaufszahlen aus dem letzten Jahr sogar noch toppen.\u201c<\/p>\n<p>Campingtrends bei Seitz Caravaning<br \/>\nWer nicht die Gelegenheit hatte, den Caravan Salon zu besuchen, kann die Campingtrends 2018 auf der Herbstmesse bei Seitz Caravaning besichtigen \u2013 darunter auch die Sondermodelle von InterCaravaning, die eine umfangreiche Mehrwertausstattung zu attraktiven Preisen bieten. Gleich zwei Tage lang \u2013 am 21. und 22. Oktober \u2013 l\u00e4dt der H\u00e4ndler auf sein Unternehmensgel\u00e4nde in Fulda und ber\u00e4t Interessenten und Freunde der mobilen Freizeit rund um Fahrzeuge, Zubeh\u00f6r und Technik. \u201eKommende Saison gibt es einige Neuheiten auf dem Markt. Wir freuen uns, unseren Besuchern die Highlights 2018 so kurz nach dem Caravan Salon vorstellen zu k\u00f6nnen\u201c, so G\u00fcnther. Neben den Neuheiten warten auf der Herbstmesse viele weitere Angebote auf die Besucher. Auch die gro\u00dfe Tombola zum 20-j\u00e4hrigen Jubil\u00e4um von InterCaravaning: Wer ein Sondermodell aus der IC-Line oder ein Jubil\u00e4umsangebot aus dem Fahrzeug- oder Zubeh\u00f6rbereich des H\u00e4ndlers kauft, erh\u00e4lt daf\u00fcr ein Los. Online aktiviert nimmt jedes Los an der Tombola teil und hat die Chance jeden Monat viele Preise zu gewinnen \u2013 von Urlauben im Mietmobil \u00fcber Campingplatzgutscheine bis hin zu hochwertigem Zubeh\u00f6r und Freizeitaktivit\u00e4ten. Hauptgewinne der Verlosung am Jahresende sind ein Reisemobil der Marke Knaus und ein Wohnwagen der Marke B\u00fcrstner.<\/p>\n","protected":false},"excerpt":{"rendered":"<div class=\"tmnf_excerpt\"><p>Die Caravan-Branche boomt: In diesem Jahr zog der Caravan Salon D\u00fcsseldorf \u00fcber 232.000 Freunde der mobilen Freizeit in die Rheinmetropole \u2013 vom Caravan-Neuling bis zum Profi-Camper. Erstmals in 13 Hallen und auf einer Gesamtfl\u00e4che von 214.000 Quadratmetern pr\u00e4sentierten \u00fcber 600 Aussteller auf der weltweit gr\u00f6\u00dften Messe f\u00fcr Reisemobile und Caravans die Neuheiten der kommenden Saison. &hellip;<\/p>\n<\/div>","protected":false},"author":1,"featured_media":0,"comment_status":"closed","ping_status":"closed","sticky":false,"template":"","format":"standard","meta":{"footnotes":""},"categories":[1],"tags":[],"class_list":["post-168419","post","type-post","status-publish","format-standard","hentry","category-startseite"],"_links":{"self":[{"href":"https:\/\/www.fuldaernachrichten.de\/index.php?rest_route=\/wp\/v2\/posts\/168419","targetHints":{"allow":["GET"]}}],"collection":[{"href":"https:\/\/www.fuldaernachrichten.de\/index.php?rest_route=\/wp\/v2\/posts"}],"about":[{"href":"https:\/\/www.fuldaernachrichten.de\/index.php?rest_route=\/wp\/v2\/types\/post"}],"author":[{"embeddable":true,"href":"https:\/\/www.fuldaernachrichten.de\/index.php?rest_route=\/wp\/v2\/users\/1"}],"replies":[{"embeddable":true,"href":"https:\/\/www.fuldaernachrichten.de\/index.php?rest_route=%2Fwp%2Fv2%2Fcomments&post=168419"}],"version-history":[{"count":1,"href":"https:\/\/www.fuldaernachrichten.de\/index.php?rest_route=\/wp\/v2\/posts\/168419\/revisions"}],"predecessor-version":[{"id":168425,"href":"https:\/\/www.fuldaernachrichten.de\/index.php?rest_route=\/wp\/v2\/posts\/168419\/revisions\/168425"}],"wp:attachment":[{"href":"https:\/\/www.fuldaernachrichten.de\/index.php?rest_route=%2Fwp%2Fv2%2Fmedia&parent=168419"}],"wp:term":[{"taxonomy":"category","embeddable":true,"href":"https:\/\/www.fuldaernachrichten.de\/index.php?rest_route=%2Fwp%2Fv2%2Fcategories&post=168419"},{"taxonomy":"post_tag","embeddable":true,"href":"https:\/\/www.fuldaernachrichten.de\/index.php?rest_route=%2Fwp%2Fv2%2Ftags&post=168419"}],"curies":[{"name":"wp","href":"https:\/\/api.w.org\/{rel}","templated":true}]}}