{"id":168414,"date":"2017-10-06T08:14:29","date_gmt":"2017-10-06T06:14:29","guid":{"rendered":"http:\/\/www.fuldaer-nachrichten.de\/?p=168414"},"modified":"2017-10-06T08:14:29","modified_gmt":"2017-10-06T06:14:29","slug":"drittes-treffen-der-initiative-personal-und-zukunft","status":"publish","type":"post","link":"https:\/\/www.fuldaernachrichten.de\/?p=168414","title":{"rendered":"Drittes Treffen der \u201eInitiative Personal und Zukunft\u201c"},"content":{"rendered":"<p>Rund 30 Personalverantwortliche tauschten sich Ende September \u00fcber aktuelle Trends in der Personalakquise und Personalentwicklung aus. Gastgeber des Treffens war die FFT Produktionssysteme GmbH &#038; Co. KG in Fulda. <\/p>\n<p>\u201eIch w\u00fcnsche mir Mitarbeiter, die auch einmal querdenken, in alle Abteilungen meines Unternehmens hineinschauen und mitwirken k\u00f6nnen. Das ist die Grundlage unserer Personalstrategie\u201c, erkl\u00e4rte Hausherr Manfred Hahl bei der Begr\u00fc\u00dfung seiner G\u00e4ste. Damit stellte der Gesch\u00e4ftsf\u00fchrer der FFT Produktionssysteme GmbH &#038; Co. KG die Weichen f\u00fcr einen abwechslungs- und informationsreichen Abend, an dem nicht nur mehrere Referenten zu Wort kamen, sondern auch aktive Mitarbeit gefragt war. <\/p>\n<p>Azubi-Recruiting: Erfolge im Handel, Probleme im Handwerk<br \/>\nWie unterschiedlich die Erfahrungen im Bereich Azubi-Akquise sein k\u00f6nnen, zeigten die Kurzvortr\u00e4ge von Torsten Weber, Ausbildungsleiter bei der Rudolf Fehrmann GmbH &#038; Co. KG, und Gerhard R\u00f6der, Gesch\u00e4ftsf\u00fchrer der Kerbl GmbH &#038; Co. KG. W\u00e4hrend Weber von der umfassenden Erweiterung und Optimierung des Ausbildungsangebotes des Unternehmens Fehrmann berichten konnte \u2013 und von einer deutlichen Steigerung der Bewerberanzahl \u2013 beklagte R\u00f6der den mangelnden Nachwuchs im Handwerk. \u201eEs ist nicht nur so, dass die Anzahl oder die Qualit\u00e4t der Bewerber im Handwerksbereich zur\u00fcckgegangen w\u00e4re \u2013 es interessiert sich schlicht niemand mehr f\u00fcr einen handwerklichen Beruf\u201c, berichtete R\u00f6der. Um diesem Negativtrend entgegenzuwirken, f\u00f6rdert sein Unternehmen ein famili\u00e4res Arbeitsklima und bietet fachspezifische Weiterbildungen f\u00fcr die Mitarbeiter an. <\/p>\n<p>Praktische Tipps und aktiver Erfahrungsaustausch<br \/>\nIn seinem Impulsvortrag sprach Konrad K\u00fchn vom Arbeitgeberservice der Agentur f\u00fcr Arbeit \u00fcber zielgruppengerechte Personalakquise und gab zahlreiche Tipps f\u00fcr eine nachhaltige Personalplanung. Natalie Hohl, Arbeitspsychologin der BBZ Mitte GmbH, leitete den abschlie\u00dfenden Erfahrungsaustausch zum Thema: Wie werden Unternehmen f\u00fcr potenzielle Mitarbeiter attraktiv? <\/p>\n<p>IPZ-Netzwerk: Plattform zum Erfahrungsaustausch<br \/>\nGemeinsam mit der Hochschule Fulda und dem BBZ Mitte haben die Kreishandwerkerschaft und die IHK Fulda die \u201eInitiative Personal und Zukunft\u201c gestartet. Ziel ist es, vor allem kleine und mittlere Unternehmen bei ihrer Personalentwicklung zu unterst\u00fctzen. Das vierte Treffen des Arbeitskreises ist im Fr\u00fchjahr 2018 geplant. Neue Mitglieder sind herzlich willkommen (www.ihk-fulda.de, Dokumentennummer: 3674592). Ansprechpartnerin in der IHK Fulda ist Melanie Sch\u00e4fer, Telefon 0661 284-27, E-Mail schaefer@fulda.ihk.de. <\/p>\n","protected":false},"excerpt":{"rendered":"<div class=\"tmnf_excerpt\"><p>Rund 30 Personalverantwortliche tauschten sich Ende September \u00fcber aktuelle Trends in der Personalakquise und Personalentwicklung aus. Gastgeber des Treffens war die FFT Produktionssysteme GmbH &#038; Co. KG in Fulda. \u201eIch w\u00fcnsche mir Mitarbeiter, die auch einmal querdenken, in alle Abteilungen meines Unternehmens hineinschauen und mitwirken k\u00f6nnen. Das ist die Grundlage unserer Personalstrategie\u201c, erkl\u00e4rte Hausherr Manfred &hellip;<\/p>\n<\/div>","protected":false},"author":1,"featured_media":168417,"comment_status":"closed","ping_status":"closed","sticky":false,"template":"","format":"standard","meta":{"footnotes":""},"categories":[1],"tags":[],"class_list":["post-168414","post","type-post","status-publish","format-standard","has-post-thumbnail","hentry","category-startseite"],"_links":{"self":[{"href":"https:\/\/www.fuldaernachrichten.de\/index.php?rest_route=\/wp\/v2\/posts\/168414","targetHints":{"allow":["GET"]}}],"collection":[{"href":"https:\/\/www.fuldaernachrichten.de\/index.php?rest_route=\/wp\/v2\/posts"}],"about":[{"href":"https:\/\/www.fuldaernachrichten.de\/index.php?rest_route=\/wp\/v2\/types\/post"}],"author":[{"embeddable":true,"href":"https:\/\/www.fuldaernachrichten.de\/index.php?rest_route=\/wp\/v2\/users\/1"}],"replies":[{"embeddable":true,"href":"https:\/\/www.fuldaernachrichten.de\/index.php?rest_route=%2Fwp%2Fv2%2Fcomments&post=168414"}],"version-history":[{"count":1,"href":"https:\/\/www.fuldaernachrichten.de\/index.php?rest_route=\/wp\/v2\/posts\/168414\/revisions"}],"predecessor-version":[{"id":168418,"href":"https:\/\/www.fuldaernachrichten.de\/index.php?rest_route=\/wp\/v2\/posts\/168414\/revisions\/168418"}],"wp:featuredmedia":[{"embeddable":true,"href":"https:\/\/www.fuldaernachrichten.de\/index.php?rest_route=\/wp\/v2\/media\/168417"}],"wp:attachment":[{"href":"https:\/\/www.fuldaernachrichten.de\/index.php?rest_route=%2Fwp%2Fv2%2Fmedia&parent=168414"}],"wp:term":[{"taxonomy":"category","embeddable":true,"href":"https:\/\/www.fuldaernachrichten.de\/index.php?rest_route=%2Fwp%2Fv2%2Fcategories&post=168414"},{"taxonomy":"post_tag","embeddable":true,"href":"https:\/\/www.fuldaernachrichten.de\/index.php?rest_route=%2Fwp%2Fv2%2Ftags&post=168414"}],"curies":[{"name":"wp","href":"https:\/\/api.w.org\/{rel}","templated":true}]}}