{"id":168412,"date":"2017-10-06T08:14:49","date_gmt":"2017-10-06T06:14:49","guid":{"rendered":"http:\/\/www.fuldaer-nachrichten.de\/?p=168412"},"modified":"2017-10-06T08:14:49","modified_gmt":"2017-10-06T06:14:49","slug":"digitale-bildbearbeitung-im-muetterzentrum-die-muetze","status":"publish","type":"post","link":"https:\/\/www.fuldaernachrichten.de\/?p=168412","title":{"rendered":"Digitale Bildbearbeitung \u2013 im M\u00fctterzentrum \u201eDie M\u00dcTZE\u201c"},"content":{"rendered":"<p>Im M\u00fctterzentrum \u201eDie M\u00dcTZE\u201c, Gallasiniring 8, in Fulda findet am Dienstag, 24.10.17 in der Zeit von 9.00 \u2013 11.00 Uhr der Kurs: Digitale Bildbearbeitung \u2013 wie kann man ein sch\u00f6nes Fotobuch erstellen? \u2013 statt. Die Kursdauer ist 5x Dienstag vormittags.<br \/>\nAn  eigenen Fotos \u00fcben die Kursteilnehmer\/Innen die Bildbearbeitung, hilfreiche Tipps und Tricks werden in diesem Zusammenhang vermittelt. Anhand von Musterpapier und Musterfotob\u00fcchern werden die verschiedenen M\u00f6glichkeiten erkl\u00e4rt, wie man ohne zu verzweifeln sein eigenes Fotobuch in Ruhe zu Hause erstellen kann.<br \/>\nEine Anmeldung ist bis zum 17.10.17 erforderlich. Anmeldung und n\u00e4here Informationen unter Tel. 0661\/8050.<\/p>\n","protected":false},"excerpt":{"rendered":"<div class=\"tmnf_excerpt\"><p>Im M\u00fctterzentrum \u201eDie M\u00dcTZE\u201c, Gallasiniring 8, in Fulda findet am Dienstag, 24.10.17 in der Zeit von 9.00 \u2013 11.00 Uhr der Kurs: Digitale Bildbearbeitung \u2013 wie kann man ein sch\u00f6nes Fotobuch erstellen? \u2013 statt. Die Kursdauer ist 5x Dienstag vormittags. An eigenen Fotos \u00fcben die Kursteilnehmer\/Innen die Bildbearbeitung, hilfreiche Tipps und Tricks werden in diesem &hellip;<\/p>\n<\/div>","protected":false},"author":1,"featured_media":0,"comment_status":"closed","ping_status":"closed","sticky":false,"template":"","format":"standard","meta":{"footnotes":""},"categories":[1],"tags":[],"class_list":["post-168412","post","type-post","status-publish","format-standard","hentry","category-startseite"],"_links":{"self":[{"href":"https:\/\/www.fuldaernachrichten.de\/index.php?rest_route=\/wp\/v2\/posts\/168412","targetHints":{"allow":["GET"]}}],"collection":[{"href":"https:\/\/www.fuldaernachrichten.de\/index.php?rest_route=\/wp\/v2\/posts"}],"about":[{"href":"https:\/\/www.fuldaernachrichten.de\/index.php?rest_route=\/wp\/v2\/types\/post"}],"author":[{"embeddable":true,"href":"https:\/\/www.fuldaernachrichten.de\/index.php?rest_route=\/wp\/v2\/users\/1"}],"replies":[{"embeddable":true,"href":"https:\/\/www.fuldaernachrichten.de\/index.php?rest_route=%2Fwp%2Fv2%2Fcomments&post=168412"}],"version-history":[{"count":1,"href":"https:\/\/www.fuldaernachrichten.de\/index.php?rest_route=\/wp\/v2\/posts\/168412\/revisions"}],"predecessor-version":[{"id":168421,"href":"https:\/\/www.fuldaernachrichten.de\/index.php?rest_route=\/wp\/v2\/posts\/168412\/revisions\/168421"}],"wp:attachment":[{"href":"https:\/\/www.fuldaernachrichten.de\/index.php?rest_route=%2Fwp%2Fv2%2Fmedia&parent=168412"}],"wp:term":[{"taxonomy":"category","embeddable":true,"href":"https:\/\/www.fuldaernachrichten.de\/index.php?rest_route=%2Fwp%2Fv2%2Fcategories&post=168412"},{"taxonomy":"post_tag","embeddable":true,"href":"https:\/\/www.fuldaernachrichten.de\/index.php?rest_route=%2Fwp%2Fv2%2Ftags&post=168412"}],"curies":[{"name":"wp","href":"https:\/\/api.w.org\/{rel}","templated":true}]}}