{"id":168411,"date":"2017-10-06T08:13:12","date_gmt":"2017-10-06T06:13:12","guid":{"rendered":"http:\/\/www.fuldaer-nachrichten.de\/?p=168411"},"modified":"2017-10-06T08:13:12","modified_gmt":"2017-10-06T06:13:12","slug":"aus-und-weiterbildung-sichert-nachwuchs-der-sozialstation-eichhof","status":"publish","type":"post","link":"https:\/\/www.fuldaernachrichten.de\/?p=168411","title":{"rendered":"Aus- und Weiterbildung sichert Nachwuchs der Sozialstation Eichhof"},"content":{"rendered":"<p>Mit Nicole Stelljes, Lina Kurz und Barbara Rausch starten drei neue Pflegekr\u00e4fte ihre einj\u00e4hrige Ausbildung zur Altenpflegehelferin bei der Sozialstation Eichhof. Die examinierte \u201eFachkraft Altenpflege\u201c Nelli Schessler hat nur zwei Jahre nach Abschluss ihrer Ausbildung zur Altenpflegerin die Weiterbildung zur Praxisanleiterin erfolgreich absolviert.<\/p>\n<p>Die neuen Auszubildenden wissen, was sie erwartet. Sie waren schon seit l\u00e4ngerem bei der Sozialstation Eichhof im hauswirtschaftlichen Bereich und in der Pflege t\u00e4tig. Dass sie nun die neue Herausforderung annehmen, hat unter anderem damit zu tun, dass die Verantwortlichen um Leiterin Hanne Steuernagel sich intensiv um ihre Mitarbeiter k\u00fcmmern. \u201eWir sehen es als unsere wichtigste Zukunftsaufgabe an, qualifiziertes Personal auszubilden, um die gr\u00f6\u00dftm\u00f6gliche Betreuung und Pflege unserer Kunden sicherzustellen\u201c, erkl\u00e4rt Hanne Steuernagel. Im Fall der drei neuen Auszubildenden sei die Entscheidung einfach gewesen, sagt die Leiterin. Durch ihre vorherige T\u00e4tigkeit h\u00e4tten sich die Mitarbeiterinnen bereits umfassend \u00fcber das Berufsbild informieren und ihre Eignung f\u00fcr den Beruf pr\u00fcfen sowie<br \/>\nzeigen k\u00f6nnen. <\/p>\n<p>\u201eDurch die M\u00f6glichkeit, mit der einj\u00e4hrigen Ausbildung zur Altenpflegehelferin zu beginnen, haben die Kolleginnen den entscheidenden Vorteil, Beruf und Familie zun\u00e4chst unter einen Hut zu bekommen. Nach dem Abschluss besteht die Option, dann bereits ins zweite Jahr der Ausbildung zur Fachkraft Altenpflege einzusteigen und nach weiteren zwei Jahren ihr Examen zu machen\u201c, erkl\u00e4rt Steuernagel.<br \/>\n\u00e2\u20ac\u00a8Den Weg, den die neuen Auszubildenden der Sozialstation Eichhof nun beschreiten, hat die examinierte Fachkraft Altenpflege Nelli Schessler bereits hinter sich. Vor zwei Jahren schloss sie ihre Ausbildung ab und hat nun die Weiterbildung zur Praxisanleiterin erfolgreich beendet. Gut ein halbes Jahr hat die zweifache Mutter neben ihrer T\u00e4tigkeit in der ambulanten Pflege die Schulbank gedr\u00fcckt. Dabei spielten neben fachlichen Kriterien vor allem sogenannte \u201esoft skills\u201c, wie Kommunikationsf\u00e4higkeit, Konfliktbew\u00e4ltigung, Anleitung, Pr\u00e4sentations- und Moderationstechniken sowie P\u00e4dagogik eine wesentliche Rolle.<\/p>\n<p>\u201eIch freue mich sehr, dass wir mit Nelli Schessler eine weitere Fachkraft f\u00fcr die zus\u00e4tzliche Aufgabe der Nachwuchsbetreuung gewinnen konnten. Wir haben nicht nur einen gro\u00dfen Pflegebereich mit bis zu 450 Kunden in der t\u00e4glichen Pflege, den wir mit 94 Mitarbeitern abdecken, sondern sind auch der guten Ausbildung weiterer interner und externer Sch\u00fcler\/Praktikanten verpflichtet,\u201c sagt Jutta Schmidt.<\/p>\n<p>BU: \u00e2\u20ac\u00a8Startschuss f\u00fcr eine neue Karriere: Hanne Steuernagel (links) und Jutta Schmidt (2.v.r.) begr\u00fc\u00dfen die neuen Auszubildenden Nicole Stelljes, Lina Kurz und Barbara Rausch (von links) und gratulieren der Praxisanleiterin Nelli Schessler (rechts) zur erfolgreich bestandenen Pr\u00fcfung.<\/p>\n","protected":false},"excerpt":{"rendered":"<div class=\"tmnf_excerpt\"><p>Mit Nicole Stelljes, Lina Kurz und Barbara Rausch starten drei neue Pflegekr\u00e4fte ihre einj\u00e4hrige Ausbildung zur Altenpflegehelferin bei der Sozialstation Eichhof. Die examinierte \u201eFachkraft Altenpflege\u201c Nelli Schessler hat nur zwei Jahre nach Abschluss ihrer Ausbildung zur Altenpflegerin die Weiterbildung zur Praxisanleiterin erfolgreich absolviert. Die neuen Auszubildenden wissen, was sie erwartet. Sie waren schon seit l\u00e4ngerem &hellip;<\/p>\n<\/div>","protected":false},"author":1,"featured_media":168415,"comment_status":"closed","ping_status":"closed","sticky":false,"template":"","format":"standard","meta":{"footnotes":""},"categories":[1],"tags":[],"class_list":["post-168411","post","type-post","status-publish","format-standard","has-post-thumbnail","hentry","category-startseite"],"_links":{"self":[{"href":"https:\/\/www.fuldaernachrichten.de\/index.php?rest_route=\/wp\/v2\/posts\/168411","targetHints":{"allow":["GET"]}}],"collection":[{"href":"https:\/\/www.fuldaernachrichten.de\/index.php?rest_route=\/wp\/v2\/posts"}],"about":[{"href":"https:\/\/www.fuldaernachrichten.de\/index.php?rest_route=\/wp\/v2\/types\/post"}],"author":[{"embeddable":true,"href":"https:\/\/www.fuldaernachrichten.de\/index.php?rest_route=\/wp\/v2\/users\/1"}],"replies":[{"embeddable":true,"href":"https:\/\/www.fuldaernachrichten.de\/index.php?rest_route=%2Fwp%2Fv2%2Fcomments&post=168411"}],"version-history":[{"count":1,"href":"https:\/\/www.fuldaernachrichten.de\/index.php?rest_route=\/wp\/v2\/posts\/168411\/revisions"}],"predecessor-version":[{"id":168416,"href":"https:\/\/www.fuldaernachrichten.de\/index.php?rest_route=\/wp\/v2\/posts\/168411\/revisions\/168416"}],"wp:featuredmedia":[{"embeddable":true,"href":"https:\/\/www.fuldaernachrichten.de\/index.php?rest_route=\/wp\/v2\/media\/168415"}],"wp:attachment":[{"href":"https:\/\/www.fuldaernachrichten.de\/index.php?rest_route=%2Fwp%2Fv2%2Fmedia&parent=168411"}],"wp:term":[{"taxonomy":"category","embeddable":true,"href":"https:\/\/www.fuldaernachrichten.de\/index.php?rest_route=%2Fwp%2Fv2%2Fcategories&post=168411"},{"taxonomy":"post_tag","embeddable":true,"href":"https:\/\/www.fuldaernachrichten.de\/index.php?rest_route=%2Fwp%2Fv2%2Ftags&post=168411"}],"curies":[{"name":"wp","href":"https:\/\/api.w.org\/{rel}","templated":true}]}}