{"id":168396,"date":"2017-10-06T08:12:20","date_gmt":"2017-10-06T06:12:20","guid":{"rendered":"http:\/\/www.fuldaer-nachrichten.de\/?p=168396"},"modified":"2017-10-06T08:12:20","modified_gmt":"2017-10-06T06:12:20","slug":"mit-lamas-durch-die-rhoen","status":"publish","type":"post","link":"https:\/\/www.fuldaernachrichten.de\/?p=168396","title":{"rendered":"Mit Lamas durch die Rh\u00f6n"},"content":{"rendered":"<p>Unter dem Motto \u201eGemeinsam nach oben\u201c organisierten die Industrie- und Handelskammern Fulda und W\u00fcrzburg, die Handwerkskammer Kassel und Johannes N\u00fcdling von Rh\u00f6nLamas (Poppenhausen) bereits zum 14. Mal diese erlebnisreiche Netzwerktour f\u00fcr Gr\u00fcnder. <\/p>\n<p>Martin R\u00e4th, Leiter Existenzgr\u00fcndung und Unternehmensf\u00f6rderung bei der IHK Fulda, begr\u00fc\u00dfte die Teilnehmer. Anschlie\u00dfend ging es mit acht Lamas auf die f\u00fcnf Kilometer lange Wegstrecke von Poppenhausen zum Guckaisee. Unterwegs hatten die Gr\u00fcnder Gelegenheit, ihre Erfahrungen als eigene Chefs auszutauschen oder Gesch\u00e4ftskontakte zu kn\u00fcpfen. Erstmals liefen auch junge Selbstst\u00e4ndige aus dem bayrischen Landkreis \u201eRh\u00f6n-Grabfeld\u201c mit. <\/p>\n<p>Nach einer St\u00e4rkung in den Guckai-Stuben ging es auf anderen Pfaden wieder zur\u00fcck zum Ausgangsort. <\/p>\n","protected":false},"excerpt":{"rendered":"<div class=\"tmnf_excerpt\"><p>Unter dem Motto \u201eGemeinsam nach oben\u201c organisierten die Industrie- und Handelskammern Fulda und W\u00fcrzburg, die Handwerkskammer Kassel und Johannes N\u00fcdling von Rh\u00f6nLamas (Poppenhausen) bereits zum 14. Mal diese erlebnisreiche Netzwerktour f\u00fcr Gr\u00fcnder. Martin R\u00e4th, Leiter Existenzgr\u00fcndung und Unternehmensf\u00f6rderung bei der IHK Fulda, begr\u00fc\u00dfte die Teilnehmer. Anschlie\u00dfend ging es mit acht Lamas auf die f\u00fcnf Kilometer &hellip;<\/p>\n<\/div>","protected":false},"author":1,"featured_media":168408,"comment_status":"closed","ping_status":"closed","sticky":false,"template":"","format":"standard","meta":{"footnotes":""},"categories":[1],"tags":[],"class_list":["post-168396","post","type-post","status-publish","format-standard","has-post-thumbnail","hentry","category-startseite"],"_links":{"self":[{"href":"https:\/\/www.fuldaernachrichten.de\/index.php?rest_route=\/wp\/v2\/posts\/168396","targetHints":{"allow":["GET"]}}],"collection":[{"href":"https:\/\/www.fuldaernachrichten.de\/index.php?rest_route=\/wp\/v2\/posts"}],"about":[{"href":"https:\/\/www.fuldaernachrichten.de\/index.php?rest_route=\/wp\/v2\/types\/post"}],"author":[{"embeddable":true,"href":"https:\/\/www.fuldaernachrichten.de\/index.php?rest_route=\/wp\/v2\/users\/1"}],"replies":[{"embeddable":true,"href":"https:\/\/www.fuldaernachrichten.de\/index.php?rest_route=%2Fwp%2Fv2%2Fcomments&post=168396"}],"version-history":[{"count":1,"href":"https:\/\/www.fuldaernachrichten.de\/index.php?rest_route=\/wp\/v2\/posts\/168396\/revisions"}],"predecessor-version":[{"id":168409,"href":"https:\/\/www.fuldaernachrichten.de\/index.php?rest_route=\/wp\/v2\/posts\/168396\/revisions\/168409"}],"wp:featuredmedia":[{"embeddable":true,"href":"https:\/\/www.fuldaernachrichten.de\/index.php?rest_route=\/wp\/v2\/media\/168408"}],"wp:attachment":[{"href":"https:\/\/www.fuldaernachrichten.de\/index.php?rest_route=%2Fwp%2Fv2%2Fmedia&parent=168396"}],"wp:term":[{"taxonomy":"category","embeddable":true,"href":"https:\/\/www.fuldaernachrichten.de\/index.php?rest_route=%2Fwp%2Fv2%2Fcategories&post=168396"},{"taxonomy":"post_tag","embeddable":true,"href":"https:\/\/www.fuldaernachrichten.de\/index.php?rest_route=%2Fwp%2Fv2%2Ftags&post=168396"}],"curies":[{"name":"wp","href":"https:\/\/api.w.org\/{rel}","templated":true}]}}