{"id":168388,"date":"2017-10-06T08:10:26","date_gmt":"2017-10-06T06:10:26","guid":{"rendered":"http:\/\/www.fuldaer-nachrichten.de\/?p=168388"},"modified":"2017-10-06T08:10:26","modified_gmt":"2017-10-06T06:10:26","slug":"richtige-lagerung-von-arzneimitteln","status":"publish","type":"post","link":"https:\/\/www.fuldaernachrichten.de\/?p=168388","title":{"rendered":"Richtige Lagerung von Arzneimitteln"},"content":{"rendered":"<p>Mediana Mobil l\u00e4dt im Rahmen seiner Vortragsreihe am 11.10.2017, um 19.00 Uhr zu einem Informationstag zum Thema \u201eRichtige Lagerung von Arzneimitteln\u201c ein.<br \/>\nPatienten erwarten von Medikamenten eine zuverl\u00e4ssige und sichere Wirkung. Diese ist aber,  gerade bei Gro\u00dfpackungen oder selten verabreichten Medikamenten, in Form einer richtigen Lagerung sicherzustellen. Wenn dies nicht gegeben ist, k\u00f6nnte die Qualit\u00e4t der Arzneimittel beeintr\u00e4chtigt werden oder sogar verderben. \u00c4rgerlich, aber vor allem lebensbedrohlich ist dies bei teuren oder auch lebenswichtigen Medikamenten. In dem Vortrag erhalten Sie Hinweise, wie Medikamente korrekt gelagert werden sollten, um immer auf der richtigen Seite zu sein. Die Teilnahme ist kostenfrei.<\/p>\n<p>Bardohaus \/ Mediana Mobil, Kothenbachweg 6,36041 Fulda<br \/>\nAnmeldung: Ja, unter 480 299 -100 oder info@mediana-mobil.de<br \/>\nAnfahrt: Buslinie 6, Haltestelle \u201eL\u00f6hertor\u201c<\/p>\n","protected":false},"excerpt":{"rendered":"<div class=\"tmnf_excerpt\"><p>Mediana Mobil l\u00e4dt im Rahmen seiner Vortragsreihe am 11.10.2017, um 19.00 Uhr zu einem Informationstag zum Thema \u201eRichtige Lagerung von Arzneimitteln\u201c ein. Patienten erwarten von Medikamenten eine zuverl\u00e4ssige und sichere Wirkung. Diese ist aber, gerade bei Gro\u00dfpackungen oder selten verabreichten Medikamenten, in Form einer richtigen Lagerung sicherzustellen. Wenn dies nicht gegeben ist, k\u00f6nnte die Qualit\u00e4t &hellip;<\/p>\n<\/div>","protected":false},"author":1,"featured_media":0,"comment_status":"closed","ping_status":"closed","sticky":false,"template":"","format":"standard","meta":{"footnotes":""},"categories":[1],"tags":[],"class_list":["post-168388","post","type-post","status-publish","format-standard","hentry","category-startseite"],"_links":{"self":[{"href":"https:\/\/www.fuldaernachrichten.de\/index.php?rest_route=\/wp\/v2\/posts\/168388","targetHints":{"allow":["GET"]}}],"collection":[{"href":"https:\/\/www.fuldaernachrichten.de\/index.php?rest_route=\/wp\/v2\/posts"}],"about":[{"href":"https:\/\/www.fuldaernachrichten.de\/index.php?rest_route=\/wp\/v2\/types\/post"}],"author":[{"embeddable":true,"href":"https:\/\/www.fuldaernachrichten.de\/index.php?rest_route=\/wp\/v2\/users\/1"}],"replies":[{"embeddable":true,"href":"https:\/\/www.fuldaernachrichten.de\/index.php?rest_route=%2Fwp%2Fv2%2Fcomments&post=168388"}],"version-history":[{"count":1,"href":"https:\/\/www.fuldaernachrichten.de\/index.php?rest_route=\/wp\/v2\/posts\/168388\/revisions"}],"predecessor-version":[{"id":168395,"href":"https:\/\/www.fuldaernachrichten.de\/index.php?rest_route=\/wp\/v2\/posts\/168388\/revisions\/168395"}],"wp:attachment":[{"href":"https:\/\/www.fuldaernachrichten.de\/index.php?rest_route=%2Fwp%2Fv2%2Fmedia&parent=168388"}],"wp:term":[{"taxonomy":"category","embeddable":true,"href":"https:\/\/www.fuldaernachrichten.de\/index.php?rest_route=%2Fwp%2Fv2%2Fcategories&post=168388"},{"taxonomy":"post_tag","embeddable":true,"href":"https:\/\/www.fuldaernachrichten.de\/index.php?rest_route=%2Fwp%2Fv2%2Ftags&post=168388"}],"curies":[{"name":"wp","href":"https:\/\/api.w.org\/{rel}","templated":true}]}}