{"id":168387,"date":"2017-10-06T08:22:54","date_gmt":"2017-10-06T06:22:54","guid":{"rendered":"http:\/\/www.fuldaer-nachrichten.de\/?p=168387"},"modified":"2017-10-06T08:22:54","modified_gmt":"2017-10-06T06:22:54","slug":"mediana-erfolgreiche-absolventen-und-neue-auszubildende-mit-feier-geehrt","status":"publish","type":"post","link":"https:\/\/www.fuldaernachrichten.de\/?p=168387","title":{"rendered":"Mediana: Erfolgreiche Absolventen und neue Auszubildende mit Feier geehrt"},"content":{"rendered":"<p>Insgesamt 21 Pflegekr\u00e4fte haben bei Mediana ihre Ausbildung zum Altenpfleger beziehungsweise zu Altenpflegehelfern erfolgreich beendet. 22 neue Nachwuchskr\u00e4fte haben die Ausbildung aufgenommen und k\u00f6nnen sich somit zu den mittlerweile rund 100 Auszubildenden der Unternehmensgruppe z\u00e4hlen. Zu einer Feier waren die Gesch\u00e4ftsf\u00fchrer, Einrichtungsleiter, Pflegedienstleitungen und Praxisanleiter sowie das Gesellschafterehepaar Willi und Irmgard Kropp in den festlich geschm\u00fcckten Akademieraum im Pflegestift Fulda gekommen, um herzlich zu gratulieren und die neuen Mitarbeiter zu begr\u00fc\u00dfen.<\/p>\n<p> \u201eWir sind unglaublich stolz darauf, dass Sie die anspruchsvolle Ausbildung erfolgreich gemeistert haben und jetzt ein fester Teil des Teams in ihren Einrichtungen sind\u201c, begr\u00fc\u00dfte Mediana Gesch\u00e4ftsf\u00fchrer Thorsten Roch die G\u00e4ste. Zu ihnen z\u00e4hlten die Absolventen sowie die angehenden Pflegekr\u00e4fte gemeinsam mit ihren Familien. \u201eWir handeln, indem wir alles daf\u00fcr tun, unsere k\u00fcnftigen Fachkr\u00e4fte selbst auszubilden und ihnen auch dann im Anschluss an das Examen die entsprechenden Arbeitspl\u00e4tze zur Verf\u00fcgung zu stellen\u201c, so der Gesch\u00e4ftsf\u00fchrer. Bereits fr\u00fchzeitig h\u00e4tten die Nachwuchskr\u00e4fte das Signal erhalten, bei erfolgreicher Pr\u00fcfung einer Festanstellung gewiss sein zu k\u00f6nnen, und das bliebe auch in Zukunft so. Dass eine fundierte Ausbildung bei Mediana m\u00f6glich ist, sei einem engen Netzwerk aus kompetenten Ausbildern zu verdanken, das von der hauseigenen Mediana Akademie unter der Leitung von Patricia Bott geb\u00fcndelt, organisiert und verantwortet wird, betonte Roch.<\/p>\n<p> \u201eDie Absolventen verdienen h\u00f6chste Anerkennung f\u00fcr ihre Leistungen, genauso geht aber auch die Gratulation und ein besonderer Dank an Ihre Eltern und Familien \u2013 sie bilden eine wichtige St\u00fctze, vor allem wenn die Zeiten mal schwieriger sind\u201c, stellte Patricia Bott in ihrer Festrede heraus. Die Leiterin der Akademie beleuchtete in sehr pers\u00f6nlichen Worten die Arbeit und Ausbildung als Pflegekraft. Denn als solche \u00fcbernimmt man eine T\u00e4tigkeit f\u00fcr Menschen, die auf Hilfe und Unterst\u00fctzung vertrauen m\u00fcssen, und damit eine gro\u00dfe Verantwortung. <\/p>\n<p>Diesen positiven Erfahrungen st\u00fcnden jedoch auch schwierige gegen\u00fcber \u2013 etwa wie es im Umgang mit \u00e4lteren Menschen nat\u00fcrlich ist \u2013 Krankheit und Tod miterleben zu m\u00fcssen. \u201eVom ersten Tag der Ausbildung an lernt man beide Seiten kennen \u2013 trotz allem \u00fcberwiegt dieses einzigartige Gef\u00fchl, wenn ein Bewohner nach ein paar freien Tagen aus vollem Herzen sagt: \u201eDas ist aber sch\u00f6n, dass sie heute wieder da sind!\u201c<\/p>\n<p>\u00e2\u20ac\u00a8Die Ausbildungszeit sei eine anspruchsvolle Zeit, aber neben den praktischen Lern- und theoretischen Unterrichtsinhalten st\u00fcnden den Azubis erfahrene Kollegen wie die Einrichtungs-, Pflegedienstleiter, Praxisanleiter und tolle Teamkollegen zur Seite. Die<br \/>\nAusbildung der angehenden Pflegefachkr\u00e4fte in der Mediana Unternehmensgruppe st\u00fctze sich dabei nicht nur auf Berufsschule und Praxis, sondern auch auf die  hauseigene Mediana Akademie. Sie biete Fortbildungen und Projekte an, die einrichtungs\u00fcbergreifend alle Auszubildenden aus den sechs Fuldaer und H\u00fcnfelder Ausbildungsorten zusammenbringe. Viertelj\u00e4hrliche Azubi-Treffs und Ausfl\u00fcge erg\u00e4nzten das Programm. Dass dies als Gesamtpaket zu einer fundierten Ausbildung mit einer erfolgreichen Abschlusspr\u00fcfung und vor allem zu einem guten Miteinander zum Wohle der Kunden des Hauses f\u00fchre, habe die Erfahrung gezeigt, so die Akademie-Leiterin.<br \/>\nPatricia Bott ermunterte sowohl die nun ausgelernten Kr\u00e4fte wie auch die neuen Auszubildenden: \u201eIhnen stehen in der t\u00e4glichen Arbeit alle Kollegen zur Seite. Bitten Sie um Hilfe und nehmen Sie manchen Ratschlag an, aber hinterfragen Sie auch bestimmte Abl\u00e4ufe. Scheuen Sie sich nicht davor \u00e2\u20ac\u0161Neues\u00e2\u20ac\u02dc auszuprobieren.\u201c \u00e2\u20ac\u00a8Anschlie\u00dfend \u00fcbergab Patricia Bott das Wort an die Leitungskr\u00e4fte der jeweiligen Einrichtungen, die den erfolgreichen Absolventen mit pers\u00f6nlichen Worten und einem kleinen Pr\u00e4sent gratulierten. \u00e2\u20ac\u00a8Die neuen Auszubildenden wurden vorgestellt und herzlich willkommen gehei\u00dfen und erhielten als Begr\u00fc\u00dfungsgeschenk einen Mediana Rucksack mit Kaffeebecher, Isolierflasche und Schreibutensilien. Danach begann der gem\u00fctliche Teil des Abends bei beschwingter Musik von \u201eSongs for Two\u201c, die schon vor der offiziellenBegr\u00fc\u00dfung beim ersten Umtrunk f\u00fcr die musikalische Umrahmung gesorgt hatten. F\u00fcr die kulinarischen Gen\u00fcsse zeigte sich die K\u00fcche des Mediana Pflegestifts verantwortlich.<\/p>\n<p>Absolventen und Berufsstarter der Mediana Gruppe:<br \/>\n\u00e2\u20ac\u00a8Pflegestift \u00e2\u20ac\u00a8Absolventen zum Altenpfleger\/Altenpflegerin: Nicole Baustert, Sinthia Kr\u00f6hnert, Wolfgang Wegner; Absolventen Altenpflegehelferin: Marina K\u00fcmmel, Luisa Leimbach.\u00e2\u20ac\u00a8Neue Auszubildende: Jawid Belal, J. Hammermeister, Marcel Weihmann (3-j\u00e4hrig); Ahmet-Efe G\u00fcndogmus, Leonora Nega, Monika Werner (1-j\u00e4hrig).<\/p>\n<p>Wohnstift \u00e2\u20ac\u00a8Absolventen zum Altenpfleger\/Altenpflegerin: Majida Almass-Qamar, Sarah Schweinberger, Leyla Tuna.<br \/>\nNeue Auszubildende: Kim Bernklau, Semira M\u00fcller, Selina Petzold (3-j\u00e4hrig).<\/p>\n<p>Mediana Mobil \u00e2\u20ac\u00a8Absolvent zum Altenpfleger\/Altenpflegerin: Andre Ternovic. Absolventen Altenpflegehelfer\/Altenpflegehelferin: Tobias D\u00f6nnebrink, Lesia Felten, Justyna van Thiel.<br \/>\nNeue Auszubildende: Iona Purdel (3-j\u00e4hrig), Justyna van Thiel (2-j\u00e4hrig verk\u00fcrzt)<\/p>\n<p>St. Ulrich \u00e2\u20ac\u00a8Absolventen zum Altenpfleger\/Altenpflegerin: Theresa Garde, Alexander Lachmann, Carina Nothe, Jennifer Pr\u00f6hl, Lisa Steinig, Jasper Walter.\u00e2\u20ac\u00a8Neue Auszubildende: Lorena Juling, Nele Reinhardt (3-j\u00e4hrig).<\/p>\n<p>Seniorenresidenz \u00e2\u20ac\u00a8Absolventen zum Altenpfleger\/Altenpflegerin: Julia Breidung. Absolventen Altenpflegehelfer\/Altenpflegehelferin: Lea Baier, Sona Pforr.\u00e2\u20ac\u00a8Neue Auszubildende: Lea Baier, Dominik Hampel (2-j\u00e4hrig verk\u00fcrzt), Nayla Alvarez-Batista, Arjolda Jashari, Manuela Jantke, Sabrina Marciniak (3-j\u00e4hrig); Luca-Marie Herr, Lisa Schneemann, Lenka Vanik (1-j\u00e4hrig).\u00e2\u20ac\u00a8<\/p>\n","protected":false},"excerpt":{"rendered":"<div class=\"tmnf_excerpt\"><p>Insgesamt 21 Pflegekr\u00e4fte haben bei Mediana ihre Ausbildung zum Altenpfleger beziehungsweise zu Altenpflegehelfern erfolgreich beendet. 22 neue Nachwuchskr\u00e4fte haben die Ausbildung aufgenommen und k\u00f6nnen sich somit zu den mittlerweile rund 100 Auszubildenden der Unternehmensgruppe z\u00e4hlen. Zu einer Feier waren die Gesch\u00e4ftsf\u00fchrer, Einrichtungsleiter, Pflegedienstleitungen und Praxisanleiter sowie das Gesellschafterehepaar Willi und Irmgard Kropp in den festlich &hellip;<\/p>\n<\/div>","protected":false},"author":1,"featured_media":168392,"comment_status":"closed","ping_status":"closed","sticky":false,"template":"","format":"gallery","meta":{"footnotes":""},"categories":[1],"tags":[],"class_list":["post-168387","post","type-post","status-publish","format-gallery","has-post-thumbnail","hentry","category-startseite","post_format-post-format-gallery"],"_links":{"self":[{"href":"https:\/\/www.fuldaernachrichten.de\/index.php?rest_route=\/wp\/v2\/posts\/168387","targetHints":{"allow":["GET"]}}],"collection":[{"href":"https:\/\/www.fuldaernachrichten.de\/index.php?rest_route=\/wp\/v2\/posts"}],"about":[{"href":"https:\/\/www.fuldaernachrichten.de\/index.php?rest_route=\/wp\/v2\/types\/post"}],"author":[{"embeddable":true,"href":"https:\/\/www.fuldaernachrichten.de\/index.php?rest_route=\/wp\/v2\/users\/1"}],"replies":[{"embeddable":true,"href":"https:\/\/www.fuldaernachrichten.de\/index.php?rest_route=%2Fwp%2Fv2%2Fcomments&post=168387"}],"version-history":[{"count":1,"href":"https:\/\/www.fuldaernachrichten.de\/index.php?rest_route=\/wp\/v2\/posts\/168387\/revisions"}],"predecessor-version":[{"id":168448,"href":"https:\/\/www.fuldaernachrichten.de\/index.php?rest_route=\/wp\/v2\/posts\/168387\/revisions\/168448"}],"wp:featuredmedia":[{"embeddable":true,"href":"https:\/\/www.fuldaernachrichten.de\/index.php?rest_route=\/wp\/v2\/media\/168392"}],"wp:attachment":[{"href":"https:\/\/www.fuldaernachrichten.de\/index.php?rest_route=%2Fwp%2Fv2%2Fmedia&parent=168387"}],"wp:term":[{"taxonomy":"category","embeddable":true,"href":"https:\/\/www.fuldaernachrichten.de\/index.php?rest_route=%2Fwp%2Fv2%2Fcategories&post=168387"},{"taxonomy":"post_tag","embeddable":true,"href":"https:\/\/www.fuldaernachrichten.de\/index.php?rest_route=%2Fwp%2Fv2%2Ftags&post=168387"}],"curies":[{"name":"wp","href":"https:\/\/api.w.org\/{rel}","templated":true}]}}