{"id":168380,"date":"2017-10-05T08:22:24","date_gmt":"2017-10-05T06:22:24","guid":{"rendered":"http:\/\/www.fuldaer-nachrichten.de\/?p=168380"},"modified":"2017-10-05T08:22:24","modified_gmt":"2017-10-05T06:22:24","slug":"unser-herz-schlaegt-fuer-den-hessentag-fuldaer-werbeagentur-creart-erhaelt-den-zuschlag-fuer-das-hessentagslogo-2019","status":"publish","type":"post","link":"https:\/\/www.fuldaernachrichten.de\/?p=168380","title":{"rendered":"Unser Herz schl\u00e4gt f\u00fcr den Hessentag Fuldaer Werbeagentur creart erh\u00e4lt den Zuschlag f\u00fcr das Hessentagslogo 2019"},"content":{"rendered":"<p>In einer gemeinsamen Pressekonferenz haben der Chef der Hessischen Staatskanzlei, Staatsminister Axel Wintermeyer, und der B\u00fcrgermeister der Festspielstadt Bad Hersfeld, Thomas Fehling, am Mittwoch das Logo f\u00fcr den Hessentag 2019 pr\u00e4sentiert. Der Logoentwurf stammt von der Werbeagentur creart, die bereits seit 1970 am Standort Fulda ans\u00e4ssig ist.<\/p>\n<p>Aufgabe war es, eine ansprechende Kombination aus Bildmarke und Slogan zu entwickeln, die die Botschaft des Hessentags optimal transportiert und gleichzeitig die Besonderheiten von Bad Hersfeld hervorhebt. Seit M\u00e4rz 2017 hat das Team der Agentur an einem stimmigen Logokonzept zum Hessentag 2019 in Bad Hersfeld gearbeitet. Nach einer pers\u00f6nlichen Pr\u00e4sentation der Einreichung entfiel die Entscheidung des eigens gebildeten Hessentagsbeirats  unter insgesamt 11 Einreichungen schlie\u00dflich einstimmig auf den Entwurf von creart. \u201eDer Hessentag 2019 in Bad Hersfeld soll die Herzen h\u00f6her schlagen lassen \u2013 genau diesen Wunsch bringt unser Logo sehr treffend zum Ausdruck\u201c, fasst B\u00fcrgermeister Thomas Fehling die Entscheidung zusammen.<\/p>\n<p>creart-Gesch\u00e4ftsf\u00fchrerin Anika Wuttke hat im Pressegespr\u00e4ch insbesondere die Nachhaltigkeit des Entwurfs hervorgehoben, der auch \u00fcber den Hessentag hinaus positiv auf die Marke Bad Hersfeld wirken soll. Die Kombination des bekannten Bad Hersfelder Doppelkreuzes mit dem gr\u00fcnen Herz als Symbol f\u00fcr den Hessentag als nachhaltigem Impulsgeber f\u00fcr Stadt und Region hat einen hohen Wiedererkennungswert und strahlt Lebendigkeit, Offenheit und Frische aus. Das Herz orientiert sich an der bestehenden Stilistik des Doppelkreuzes.<\/p>\n<p>Mit dem Slogan \u201eBad Hersfeld \u2013 faszinierend lebendig\u201c erfolgt eine klare Zuordnung zur Gastgeberstadt. Zugleich steht der Ausspruch aber auch f\u00fcr das lebhafte Programm rund um den Hessentag und f\u00fcr die vielseitigen, innovativen Projekte, die Bad Hersfeld im Rahmen des Hessentags plant oder als Stadt bereits umsetzt. <\/p>\n<p>\u201eWir freuen uns, mit dem Logo Teil des Hessentags 2019 in Bad Hersfeld zu sein und durch unsere Arbeit die Region Osthessen nachhaltig zu st\u00e4rken\u201c, freute sich creart-Gesch\u00e4ftsf\u00fchrerin Anika Wuttke bei der Pr\u00e4sentation im Rathaus.<br \/>\n(2.267 Zeichen inkl. Leerzeichen)<\/p>\n<p>Kurzportr\u00e4t creart \u2013 Die Werbeagentur. Die Werbeproduktion<br \/>\n(Neidhart Werbe GmbH)<br \/>\n1970 gegr\u00fcndet sind bei creart heute an mehreren Standorten in Fulda rund 40 Mitarbeiter t\u00e4tig. creart steht f\u00fcr Qualit\u00e4t durch \u00fcberzeugendes Design, professionellen und umfassenden Medienservice, qualit\u00e4tsbewussten Offset-Druck und einen innovativen Multimedia-Bereich.<\/p>\n","protected":false},"excerpt":{"rendered":"<div class=\"tmnf_excerpt\"><p>In einer gemeinsamen Pressekonferenz haben der Chef der Hessischen Staatskanzlei, Staatsminister Axel Wintermeyer, und der B\u00fcrgermeister der Festspielstadt Bad Hersfeld, Thomas Fehling, am Mittwoch das Logo f\u00fcr den Hessentag 2019 pr\u00e4sentiert. Der Logoentwurf stammt von der Werbeagentur creart, die bereits seit 1970 am Standort Fulda ans\u00e4ssig ist. Aufgabe war es, eine ansprechende Kombination aus Bildmarke &hellip;<\/p>\n<\/div>","protected":false},"author":1,"featured_media":168385,"comment_status":"closed","ping_status":"closed","sticky":false,"template":"","format":"standard","meta":{"footnotes":""},"categories":[1],"tags":[],"class_list":["post-168380","post","type-post","status-publish","format-standard","has-post-thumbnail","hentry","category-startseite"],"_links":{"self":[{"href":"https:\/\/www.fuldaernachrichten.de\/index.php?rest_route=\/wp\/v2\/posts\/168380","targetHints":{"allow":["GET"]}}],"collection":[{"href":"https:\/\/www.fuldaernachrichten.de\/index.php?rest_route=\/wp\/v2\/posts"}],"about":[{"href":"https:\/\/www.fuldaernachrichten.de\/index.php?rest_route=\/wp\/v2\/types\/post"}],"author":[{"embeddable":true,"href":"https:\/\/www.fuldaernachrichten.de\/index.php?rest_route=\/wp\/v2\/users\/1"}],"replies":[{"embeddable":true,"href":"https:\/\/www.fuldaernachrichten.de\/index.php?rest_route=%2Fwp%2Fv2%2Fcomments&post=168380"}],"version-history":[{"count":1,"href":"https:\/\/www.fuldaernachrichten.de\/index.php?rest_route=\/wp\/v2\/posts\/168380\/revisions"}],"predecessor-version":[{"id":168386,"href":"https:\/\/www.fuldaernachrichten.de\/index.php?rest_route=\/wp\/v2\/posts\/168380\/revisions\/168386"}],"wp:featuredmedia":[{"embeddable":true,"href":"https:\/\/www.fuldaernachrichten.de\/index.php?rest_route=\/wp\/v2\/media\/168385"}],"wp:attachment":[{"href":"https:\/\/www.fuldaernachrichten.de\/index.php?rest_route=%2Fwp%2Fv2%2Fmedia&parent=168380"}],"wp:term":[{"taxonomy":"category","embeddable":true,"href":"https:\/\/www.fuldaernachrichten.de\/index.php?rest_route=%2Fwp%2Fv2%2Fcategories&post=168380"},{"taxonomy":"post_tag","embeddable":true,"href":"https:\/\/www.fuldaernachrichten.de\/index.php?rest_route=%2Fwp%2Fv2%2Ftags&post=168380"}],"curies":[{"name":"wp","href":"https:\/\/api.w.org\/{rel}","templated":true}]}}