{"id":168373,"date":"2017-10-05T08:20:00","date_gmt":"2017-10-05T06:20:00","guid":{"rendered":"http:\/\/www.fuldaer-nachrichten.de\/?p=168373"},"modified":"2017-10-05T08:20:18","modified_gmt":"2017-10-05T06:20:18","slug":"geistliche-oekumene-im-jahr-des-reformationsgedenkens-christus-wallfahrt-in-eisenach","status":"publish","type":"post","link":"https:\/\/www.fuldaernachrichten.de\/?p=168373","title":{"rendered":"\u201eGeistliche \u00d6kumene im Jahr des Reformationsgedenkens\u201c Christus-Wallfahrt in Eisenach"},"content":{"rendered":"<p>Auf den Spuren der hl. Elisabeth und dem Lutherweg pilgerten am 3. Oktober etwa 50 Christinnen und Christen verschiedener Konfessionen im Anliegen der Einheit der Christen. Der Weg, der von der \u00d6kumenischen Kommission der Di\u00f6zese Fulda geplant worden war, f\u00fchrte von der Wartburg in die Stadt Eisenach, wo in der Georgenkirche eine feierliche Abschlussandacht stattfand. Bereits beim Aufbruch sagte Bischof Heinz Josef Algermissen von Fulda in seinem geistlichen Wort: \u201eM\u00f6gen die \u00f6kumenischen Samenk\u00f6rner dieses Jahres des Reformationsgedenkens aufgehen und Frucht bringen weit \u00fcber das Jahr hinaus. M\u00f6ge das Wehen des Heiligen Geistes uns dazu bringen, durch neue Einsichten weiterzugehen.\u201c Der evangelische Bischof Prof. Dr. Martin Hein (EKKW, Kassel) gab abschlie\u00dfend den Pilgern mit auf den Weg: \u201eWir brechen auf: zur\u00fcck an die Orte, aus denen wir gekommen sind, gest\u00e4rkt durch den Zuspruch des Wortes Gottes, ermutigt durch das Erleben einer gro\u00dfen geistlichen Gemeinschaft, voller Hoffnung auf das Kommen des Reiches Gottes. Das verbindet uns alle! Und deshalb bleiben wir auf dem Weg, den Christus uns weist: in ihm sind wir eins, sind Schwestern und Br\u00fcder.\u201c<\/p>\n","protected":false},"excerpt":{"rendered":"<div class=\"tmnf_excerpt\"><p>Auf den Spuren der hl. Elisabeth und dem Lutherweg pilgerten am 3. Oktober etwa 50 Christinnen und Christen verschiedener Konfessionen im Anliegen der Einheit der Christen. Der Weg, der von der \u00d6kumenischen Kommission der Di\u00f6zese Fulda geplant worden war, f\u00fchrte von der Wartburg in die Stadt Eisenach, wo in der Georgenkirche eine feierliche Abschlussandacht stattfand. &hellip;<\/p>\n<\/div>","protected":false},"author":1,"featured_media":168379,"comment_status":"closed","ping_status":"closed","sticky":false,"template":"","format":"standard","meta":{"footnotes":""},"categories":[1],"tags":[],"class_list":["post-168373","post","type-post","status-publish","format-standard","has-post-thumbnail","hentry","category-startseite"],"_links":{"self":[{"href":"https:\/\/www.fuldaernachrichten.de\/index.php?rest_route=\/wp\/v2\/posts\/168373","targetHints":{"allow":["GET"]}}],"collection":[{"href":"https:\/\/www.fuldaernachrichten.de\/index.php?rest_route=\/wp\/v2\/posts"}],"about":[{"href":"https:\/\/www.fuldaernachrichten.de\/index.php?rest_route=\/wp\/v2\/types\/post"}],"author":[{"embeddable":true,"href":"https:\/\/www.fuldaernachrichten.de\/index.php?rest_route=\/wp\/v2\/users\/1"}],"replies":[{"embeddable":true,"href":"https:\/\/www.fuldaernachrichten.de\/index.php?rest_route=%2Fwp%2Fv2%2Fcomments&post=168373"}],"version-history":[{"count":1,"href":"https:\/\/www.fuldaernachrichten.de\/index.php?rest_route=\/wp\/v2\/posts\/168373\/revisions"}],"predecessor-version":[{"id":168378,"href":"https:\/\/www.fuldaernachrichten.de\/index.php?rest_route=\/wp\/v2\/posts\/168373\/revisions\/168378"}],"wp:featuredmedia":[{"embeddable":true,"href":"https:\/\/www.fuldaernachrichten.de\/index.php?rest_route=\/wp\/v2\/media\/168379"}],"wp:attachment":[{"href":"https:\/\/www.fuldaernachrichten.de\/index.php?rest_route=%2Fwp%2Fv2%2Fmedia&parent=168373"}],"wp:term":[{"taxonomy":"category","embeddable":true,"href":"https:\/\/www.fuldaernachrichten.de\/index.php?rest_route=%2Fwp%2Fv2%2Fcategories&post=168373"},{"taxonomy":"post_tag","embeddable":true,"href":"https:\/\/www.fuldaernachrichten.de\/index.php?rest_route=%2Fwp%2Fv2%2Ftags&post=168373"}],"curies":[{"name":"wp","href":"https:\/\/api.w.org\/{rel}","templated":true}]}}