{"id":168370,"date":"2017-10-05T08:19:44","date_gmt":"2017-10-05T06:19:44","guid":{"rendered":"http:\/\/www.fuldaer-nachrichten.de\/?p=168370"},"modified":"2017-10-05T08:19:44","modified_gmt":"2017-10-05T06:19:44","slug":"klassenbestzeiten-und-bitterer-ausfall","status":"publish","type":"post","link":"https:\/\/www.fuldaernachrichten.de\/?p=168370","title":{"rendered":"Klassenbestzeiten und bitterer Ausfall"},"content":{"rendered":"<p>Gleich zwei Toyota GT86 CS-R3 waren f\u00fcr die Liezen Rallye in \u00d6sterreich am letzten Wochenende genannt. Neben dem Werksteam von TMG (Toyota Motorsport GmbH) rund um Luca Rossetti setzte Gassner Motorsport den GT86 f\u00fcr Hermann Gassner jr. und seine Beifahrerin Ursula Mayrhofer ein.<br \/>\nBereits beim Qualifying, bei welchem die tats\u00e4chliche Startreihenfolge ausgefahren wird, bahnte sich ein spannender Zweikampf der beiden Heckantrieb Piloten an. Lediglich 1,9 Sekunden trennte die Beiden. W\u00e4hrend dort noch der Italiener die Nase vorne hatte, schlug Gassner jr. auf der ersten Wertungspr\u00fcfung zur\u00fcck. Leider war auf WP 2 Schluss. \u201eAn einer Kante ist uns leider der Querlenker gebrochen. Dort war wohl viel Pech im Spiel. Wir m\u00fcssen nun analysieren, warum das passieren konnte\u201c, berichtet Hermann Gassner jr. als sein Toyota wieder zur\u00fcck im Servicepark war. \u201eGl\u00fccklicherweise h\u00e4lt sich der Schaden in Grenzen und wir k\u00f6nnen morgen wieder starten. So k\u00f6nnen wir noch einige Dinge am Setup probieren.\u201c<\/p>\n<p>Am langen Rallye-Samstag, mit knapp 100 gezeiteten Kilometern, wurden so verschiedene Einstellungen am GT86 erprobt, welche viele wertvolle Informationen f\u00fcr die kommenden Rallyes lieferten. Gleichzeitig sprangen mehrere Bestzeiten in 2WD Wertung heraus. \u201eDie Pr\u00fcfungen rund um Liezen hatten einiges zu bieten und keine war mit der Vorherigen zu vergleichen. So konnten wir unser Know-how f\u00fcr die kommenden Rallyes wesentlich erweitern\u201c, erz\u00e4hlt Beifahrerin Ursula Mayrhofer. Hermann erg\u00e4nzt: \u201eIch denke sowohl TMG als auch wir haben wieder bewiesen, dass der CS-R3 konkurrenzf\u00e4hig ist. Auch m\u00f6chte ich mich bei meinen Mechanikern und Unterst\u00fctzern bedanken. Es war eine wundersch\u00f6ne Rallye, auch wenn mich der Ausfall am Freitag wurmt.&#8221;<\/p>\n","protected":false},"excerpt":{"rendered":"<div class=\"tmnf_excerpt\"><p>Gleich zwei Toyota GT86 CS-R3 waren f\u00fcr die Liezen Rallye in \u00d6sterreich am letzten Wochenende genannt. Neben dem Werksteam von TMG (Toyota Motorsport GmbH) rund um Luca Rossetti setzte Gassner Motorsport den GT86 f\u00fcr Hermann Gassner jr. und seine Beifahrerin Ursula Mayrhofer ein. Bereits beim Qualifying, bei welchem die tats\u00e4chliche Startreihenfolge ausgefahren wird, bahnte sich &hellip;<\/p>\n<\/div>","protected":false},"author":1,"featured_media":168374,"comment_status":"closed","ping_status":"closed","sticky":false,"template":"","format":"standard","meta":{"footnotes":""},"categories":[1],"tags":[],"class_list":["post-168370","post","type-post","status-publish","format-standard","has-post-thumbnail","hentry","category-startseite"],"_links":{"self":[{"href":"https:\/\/www.fuldaernachrichten.de\/index.php?rest_route=\/wp\/v2\/posts\/168370","targetHints":{"allow":["GET"]}}],"collection":[{"href":"https:\/\/www.fuldaernachrichten.de\/index.php?rest_route=\/wp\/v2\/posts"}],"about":[{"href":"https:\/\/www.fuldaernachrichten.de\/index.php?rest_route=\/wp\/v2\/types\/post"}],"author":[{"embeddable":true,"href":"https:\/\/www.fuldaernachrichten.de\/index.php?rest_route=\/wp\/v2\/users\/1"}],"replies":[{"embeddable":true,"href":"https:\/\/www.fuldaernachrichten.de\/index.php?rest_route=%2Fwp%2Fv2%2Fcomments&post=168370"}],"version-history":[{"count":1,"href":"https:\/\/www.fuldaernachrichten.de\/index.php?rest_route=\/wp\/v2\/posts\/168370\/revisions"}],"predecessor-version":[{"id":168375,"href":"https:\/\/www.fuldaernachrichten.de\/index.php?rest_route=\/wp\/v2\/posts\/168370\/revisions\/168375"}],"wp:featuredmedia":[{"embeddable":true,"href":"https:\/\/www.fuldaernachrichten.de\/index.php?rest_route=\/wp\/v2\/media\/168374"}],"wp:attachment":[{"href":"https:\/\/www.fuldaernachrichten.de\/index.php?rest_route=%2Fwp%2Fv2%2Fmedia&parent=168370"}],"wp:term":[{"taxonomy":"category","embeddable":true,"href":"https:\/\/www.fuldaernachrichten.de\/index.php?rest_route=%2Fwp%2Fv2%2Fcategories&post=168370"},{"taxonomy":"post_tag","embeddable":true,"href":"https:\/\/www.fuldaernachrichten.de\/index.php?rest_route=%2Fwp%2Fv2%2Ftags&post=168370"}],"curies":[{"name":"wp","href":"https:\/\/api.w.org\/{rel}","templated":true}]}}