{"id":168352,"date":"2017-10-05T08:09:34","date_gmt":"2017-10-05T06:09:34","guid":{"rendered":"http:\/\/www.fuldaer-nachrichten.de\/?p=168352"},"modified":"2017-10-05T08:09:34","modified_gmt":"2017-10-05T06:09:34","slug":"mister-hessenschau-kommt-nach-sterbfritz","status":"publish","type":"post","link":"https:\/\/www.fuldaernachrichten.de\/?p=168352","title":{"rendered":"Mister Hessenschau kommt nach Sterbfritz"},"content":{"rendered":"<p>Im Rahmen von Leseland Hessen, dem gr\u00f6\u00dften Literaturfestival in Hessen, das vom Hessischen Ministerium f\u00fcr Wissenschaft und Kunst veranstalteten und von der Sparkassen-Kulturstiftung Hessen-Th\u00fcringen und dem Hessischen Rundfunk, hr 2 kultur, gef\u00f6rdert wird, kommt Holger Weinert am 20. Oktober nach Sterbfritz. Die Gemeinde Sinntal ist seit 2009 Leseland-Kooperations partner und zusammen mit der Buchhandlung \u201eB\u00fccher und mehr\u201c in Sterbfritz \u00f6rtlicher Veranstalter. Weinert ist f\u00fcr viele seit Jahrzehnten der \u201eMister Hessenschau\u201c, denn selten blieb jemand einer Redaktion so lange treu wie er. Keiner hat die hessenschau oder ein deutsches Regionalmagazin l\u00e4nger moderiert als er. Seit 1986 arbeitet Holger Weinert als Autor, Reporter und Dokumentarfilmer beim Hessischen Rundfunk f\u00fcr Aktuelles, Politik, Zeitgeschehen und Unterhaltung. Und er moderiert die meistgesehene Sendung des hr-Fernsehens \u201ehessenschau\u201c und \u201ehessenjournal\u201c. Zudem hatte er auch seine Live-Shows \u201eHolgers Waschsalon\u201c, das Politikforum \u201e3-2-1\u201c, \u201eHolger kommt\u201c, wo er Prominente zu Hause besuchte, und \u201eHolgers Tankstelle\u201c (ZDF). Das Gesellschaftsmagazin \u201evipshow\u201c aus dem Frankfurter Maintower pr\u00e4gte Weinert ebenso, wie \u201eOpernball live\u201c oder \u201eBall des Sports\u201c. Die Reihe \u201eHessische Hoheiten\u201c hat seit 2010 hohe Einschaltquoten. Auszeichnungen erhielt Holger Weinert viele. Aus seinem Buch \u201eHolgers Hessen\u201c liest Holger Weinert in Sterbfritz und erz\u00e4hlt \u00fcber Skandale und Unglaubliches aus Hessen. Karten gibt es im Vorverkauf in der Buchhandlung &#8220;B\u00fccher und mehr&#8221;, Bahnhofstr. 2, in Sterbfritz, (Telefon: 0 66 64 \/ 91 18 59) und in den Gesch\u00e4ftsstellen der Kreissparkasse Schl\u00fcchtern (Info-Hotline: 0 66 61 (88 127).<\/p>\n","protected":false},"excerpt":{"rendered":"<div class=\"tmnf_excerpt\"><p>Im Rahmen von Leseland Hessen, dem gr\u00f6\u00dften Literaturfestival in Hessen, das vom Hessischen Ministerium f\u00fcr Wissenschaft und Kunst veranstalteten und von der Sparkassen-Kulturstiftung Hessen-Th\u00fcringen und dem Hessischen Rundfunk, hr 2 kultur, gef\u00f6rdert wird, kommt Holger Weinert am 20. Oktober nach Sterbfritz. Die Gemeinde Sinntal ist seit 2009 Leseland-Kooperations partner und zusammen mit der Buchhandlung \u201eB\u00fccher &hellip;<\/p>\n<\/div>","protected":false},"author":1,"featured_media":168358,"comment_status":"closed","ping_status":"closed","sticky":false,"template":"","format":"standard","meta":{"footnotes":""},"categories":[1],"tags":[],"class_list":["post-168352","post","type-post","status-publish","format-standard","has-post-thumbnail","hentry","category-startseite"],"_links":{"self":[{"href":"https:\/\/www.fuldaernachrichten.de\/index.php?rest_route=\/wp\/v2\/posts\/168352","targetHints":{"allow":["GET"]}}],"collection":[{"href":"https:\/\/www.fuldaernachrichten.de\/index.php?rest_route=\/wp\/v2\/posts"}],"about":[{"href":"https:\/\/www.fuldaernachrichten.de\/index.php?rest_route=\/wp\/v2\/types\/post"}],"author":[{"embeddable":true,"href":"https:\/\/www.fuldaernachrichten.de\/index.php?rest_route=\/wp\/v2\/users\/1"}],"replies":[{"embeddable":true,"href":"https:\/\/www.fuldaernachrichten.de\/index.php?rest_route=%2Fwp%2Fv2%2Fcomments&post=168352"}],"version-history":[{"count":1,"href":"https:\/\/www.fuldaernachrichten.de\/index.php?rest_route=\/wp\/v2\/posts\/168352\/revisions"}],"predecessor-version":[{"id":168359,"href":"https:\/\/www.fuldaernachrichten.de\/index.php?rest_route=\/wp\/v2\/posts\/168352\/revisions\/168359"}],"wp:featuredmedia":[{"embeddable":true,"href":"https:\/\/www.fuldaernachrichten.de\/index.php?rest_route=\/wp\/v2\/media\/168358"}],"wp:attachment":[{"href":"https:\/\/www.fuldaernachrichten.de\/index.php?rest_route=%2Fwp%2Fv2%2Fmedia&parent=168352"}],"wp:term":[{"taxonomy":"category","embeddable":true,"href":"https:\/\/www.fuldaernachrichten.de\/index.php?rest_route=%2Fwp%2Fv2%2Fcategories&post=168352"},{"taxonomy":"post_tag","embeddable":true,"href":"https:\/\/www.fuldaernachrichten.de\/index.php?rest_route=%2Fwp%2Fv2%2Ftags&post=168352"}],"curies":[{"name":"wp","href":"https:\/\/api.w.org\/{rel}","templated":true}]}}