{"id":168349,"date":"2017-10-05T08:08:21","date_gmt":"2017-10-05T06:08:21","guid":{"rendered":"http:\/\/www.fuldaer-nachrichten.de\/?p=168349"},"modified":"2017-10-05T08:08:21","modified_gmt":"2017-10-05T06:08:21","slug":"freisprechungsfeier-der-friseur-innung-fulda","status":"publish","type":"post","link":"https:\/\/www.fuldaernachrichten.de\/?p=168349","title":{"rendered":"Freisprechungsfeier der Friseur-Innung Fulda"},"content":{"rendered":"<p>22 Jungfriseurinnen und 3 Jungfriseure erhielten im Rahmen der traditionellen Freisprechungsfeier ihren Gesellenbrief. Michael Weber, Obermeister der Friseur-Innung Fulda, konnte in der Kapelle des Vonderau-Museums den erfolgreichen Ausbildungsabsolventen zur bestandenen Gesellenpr\u00fcfung gratulieren. An der Freisprechungsfeier nahmen auch die Ausbildungsbetriebe sowie Eltern und Freunde der Pr\u00fcflinge teil. Ehrengast der Feierstunde war Landrat Bernd Woide. Er \u00fcberbrachte die Gr\u00fc\u00dfe der gesamten Region und gratulierte auch im Namen von Fuldas Oberb\u00fcrgermeister Dr. Heiko Wingenfeld. <\/p>\n<p>Der Landrat betonte, er sei gerne bei Veranstaltungen des Handwerks und er hob besonders die Bedeutung beruflicher Ausbildung hervor. Das Friseurhandwerk sei beispielgebend f\u00fcr die Verbindung von Wissen, K\u00f6nnen und Kreativit\u00e4t. Woide lobte auch die Ausbildungsbetriebe und stellte gesamtgesellschaftliche Bedeutung guter Ausbildung heraus. <\/p>\n<p>F\u00fcr die Kreishandwerkerschaft Fulda gratulierte Gesch\u00e4ftsf\u00fchrer Dietmar Weidenb\u00f6rner. Er unterstrich dabei den Stellenwert des Lehrabschlusses f\u00fcr die berufliche und pers\u00f6nliche Lebensplanung insgesamt. Zuvor hatte Friseurmeister Stefan Otterbein als Vorsitzender des Gesellenpr\u00fcfungsausschusses Einblicke in die Anforderungen der Pr\u00fcfung gegeben. Otterbein zeigte sich erfreut \u00fcber die guten Ausbildungs- und Pr\u00fcfungsergebnisse. Das Friseurhandwerk in der Region sei sehr gut aufgestellt und erf\u00fclle die hohen Anspr\u00fcche an Service und Qualit\u00e4t, sagte er abschlie\u00dfend.<br \/>\nBU:<br \/>\nObermeister Michael Weber (links vorne) mit dem freigesprochenen Nachwuchs f\u00fcr das Friseurhandwerk, von r.: Stefan Otterbein, Bernd Woide, Dietmar Weidenb\u00f6rner<\/p>\n","protected":false},"excerpt":{"rendered":"<div class=\"tmnf_excerpt\"><p>22 Jungfriseurinnen und 3 Jungfriseure erhielten im Rahmen der traditionellen Freisprechungsfeier ihren Gesellenbrief. Michael Weber, Obermeister der Friseur-Innung Fulda, konnte in der Kapelle des Vonderau-Museums den erfolgreichen Ausbildungsabsolventen zur bestandenen Gesellenpr\u00fcfung gratulieren. An der Freisprechungsfeier nahmen auch die Ausbildungsbetriebe sowie Eltern und Freunde der Pr\u00fcflinge teil. Ehrengast der Feierstunde war Landrat Bernd Woide. Er \u00fcberbrachte &hellip;<\/p>\n<\/div>","protected":false},"author":1,"featured_media":168353,"comment_status":"closed","ping_status":"closed","sticky":false,"template":"","format":"standard","meta":{"footnotes":""},"categories":[1],"tags":[],"class_list":["post-168349","post","type-post","status-publish","format-standard","has-post-thumbnail","hentry","category-startseite"],"_links":{"self":[{"href":"https:\/\/www.fuldaernachrichten.de\/index.php?rest_route=\/wp\/v2\/posts\/168349","targetHints":{"allow":["GET"]}}],"collection":[{"href":"https:\/\/www.fuldaernachrichten.de\/index.php?rest_route=\/wp\/v2\/posts"}],"about":[{"href":"https:\/\/www.fuldaernachrichten.de\/index.php?rest_route=\/wp\/v2\/types\/post"}],"author":[{"embeddable":true,"href":"https:\/\/www.fuldaernachrichten.de\/index.php?rest_route=\/wp\/v2\/users\/1"}],"replies":[{"embeddable":true,"href":"https:\/\/www.fuldaernachrichten.de\/index.php?rest_route=%2Fwp%2Fv2%2Fcomments&post=168349"}],"version-history":[{"count":1,"href":"https:\/\/www.fuldaernachrichten.de\/index.php?rest_route=\/wp\/v2\/posts\/168349\/revisions"}],"predecessor-version":[{"id":168354,"href":"https:\/\/www.fuldaernachrichten.de\/index.php?rest_route=\/wp\/v2\/posts\/168349\/revisions\/168354"}],"wp:featuredmedia":[{"embeddable":true,"href":"https:\/\/www.fuldaernachrichten.de\/index.php?rest_route=\/wp\/v2\/media\/168353"}],"wp:attachment":[{"href":"https:\/\/www.fuldaernachrichten.de\/index.php?rest_route=%2Fwp%2Fv2%2Fmedia&parent=168349"}],"wp:term":[{"taxonomy":"category","embeddable":true,"href":"https:\/\/www.fuldaernachrichten.de\/index.php?rest_route=%2Fwp%2Fv2%2Fcategories&post=168349"},{"taxonomy":"post_tag","embeddable":true,"href":"https:\/\/www.fuldaernachrichten.de\/index.php?rest_route=%2Fwp%2Fv2%2Ftags&post=168349"}],"curies":[{"name":"wp","href":"https:\/\/api.w.org\/{rel}","templated":true}]}}