{"id":168344,"date":"2017-10-05T08:08:51","date_gmt":"2017-10-05T06:08:51","guid":{"rendered":"http:\/\/www.fuldaer-nachrichten.de\/?p=168344"},"modified":"2017-10-05T08:08:51","modified_gmt":"2017-10-05T06:08:51","slug":"1-tag-der-e-mobilitaet-in-rasdorf-am-8-10-2017-fuehrende-hersteller-praesentieren-fahrzeuge-aller-art-mit-elektroantrieb-und-hybrid","status":"publish","type":"post","link":"https:\/\/www.fuldaernachrichten.de\/?p=168344","title":{"rendered":"1. Tag der E-Mobilit\u00e4t in Rasdorf am 8.10.2017 &#8211; F\u00fchrende Hersteller pr\u00e4sentieren Fahrzeuge aller Art mit Elektroantrieb und Hybrid"},"content":{"rendered":"<p>Die Point Alpha-Gemeinde Rasdorf hat sich viel vorgenommen. Erstmalig findet am historischen Anger im Mittelpunkt des Dorfes am Sonntag, den 8. Oktober 2017 ein Aktionstag E-Mobilit\u00e4t statt. Von 11.00 bis 18.00 Uhr steht Rasdorf ganz im Zeichen der E-Mobilit\u00e4t. Rechtzeitig fertig gestellt wurden auch die neuen Lades\u00e4ulen f\u00fcr E-Pkws und E-Bikes.<\/p>\n<p>\u00dcber 20 Aussteller von E-Fahrzeugen nehmen teil. Dabei reicht die Palette \u00fcber g\u00e4ngige E-Fahrzeuge der Automobilhersteller bis hin zu E-Bikes und Krankenfahrst\u00fchle mit E-Antrieb. Die Aussteller zeigen E-Mobile und Hybridfahrzeuge von Ford, Mitsubishi, Nissan, Renault, Smart, Toyota und Volkswagen. Pr\u00e4sentiert wird auch der neue E-Transporter \u201eStreetScooter\u201c der Deutschen Post DHL Group. Besonders stolz sind die Veranstalter, dass es gelungen ist, Marktneuheiten aus dem Segment der Baumaschinen zu pr\u00e4sentieren. So wird ein eRadlader und ein Hybridbagger zu sehen sein; Baumaschinen, die in geschlossenen Hallen oder an ger\u00e4uschempfindlichen Baustellen zum Einsatz kommen. Weitere Attraktionen d\u00fcrften die ausgestellten E-Motorr\u00e4der und E-Bikes der heimischen H\u00e4ndler sein. Spa\u00dffahrzeuge f\u00fcr Jung und Alt wie Segways und Funboards runden das Fahrzeugangebot ab. Der ADFC bietet eine Fahrradcodierung an. Interessenten werden gebeten, ihren Personalausweis und einen Eigentumsnachweis bzw. Kaufbeleg mitzubringen. <\/p>\n<p>Herzlich eingeladen sind auch all diejenigen, die bereits mit einem Elektrofahrzeug unterwegs sind. Es besteht f\u00fcr diese G\u00e4ste die M\u00f6glichkeit, exklusiv auf der Wiese des Angers im Zentrum zu Parken. Ladestationen werden vorgehalten.<\/p>\n<p>Daneben ist f\u00fcr ein buntes Rahmenprogramm f\u00fcr die ganze Familie vorbereitet, f\u00fcr Verk\u00f6stigung und Information ist bestens gesorgt. <\/p>\n<p>Die B\u00fcrgermeisterkollegen J\u00fcrgen Hahn von Rasdorf und Hermann-Josef Scheich von Eiterfeld werden gemeinsam mit Regierungspr\u00e4sident Walter L\u00fcbcke den E-Mobilit\u00e4tstag gegen 11.00 Uhr er\u00f6ffnen. Um 11.30 Uhr wird auf der Aktionsb\u00fchne das Projekt \u201eeMOR \u2013 Elektromobilit\u00e4t in der Rh\u00f6n\u201c vorgestellt. Um 13.00 Uhr wird Christoph Hau, Rh\u00f6nEnergie Fulda GmbH, zum Thema \u201eHarte Fakten zur Elektromobilit\u00e4t\u201c im Festzelt referieren. Anschlie\u00dfend findet gegen 13.30 Uhr eine Podiumsdiskussion zu Thema Elektromobilit\u00e4t statt. Um 14.00 Uhr schlie\u00dflich startet eine Pedelec-Radtour rund um Rasdorf.<\/p>\n<p>F\u00fcr Kinder d\u00fcrfte nicht nur der Segway-Parcours eine spannende Erfahrung sein. Auch eine H\u00fcpfburg, eine Kinderfahrschule und ein Stand mit Air-Brush-Tattoos d\u00fcrften Gefallen finden. F\u00fcr die musikalische Unterhaltung sorgen ab 11.00 Uhr die Trachtenkapelle Hessisches Kegelspiel\u201c Gro\u00dfentaft e. V. und ab 15.00 Uhr die Ulstertaler Musikanten. Um 17.00 Uhr sorgen dann \u201eDie Hobbitz\u201c mit eher rockigen Kl\u00e4ngen f\u00fcr den Abschluss.<\/p>\n<p>Der E-Mobilit\u00e4tstag ist Teil des Projektes \u201eeMOR \u2013 Elektromobilit\u00e4t in der Rh\u00f6n\u201c. Es handelt sich hierbei um ein Kooperationsprojekt, an dem die Marktgemeinde Eiterfeld, die Point-Alpha-Gemeinde Rasdorf, die Point-Alpha-Stiftung, der Landkreis Fulda, der Verein Natur- und Lebensraum Rh\u00f6n e. V., der Caritasverband der Di\u00f6zese Fulda e. V. und die Rh\u00f6nEnergie Fulda GmbH mitwirken. Das Projekt wird vom Wirtschaftsministerium des Landes Hessen finanziell unterst\u00fctzt.<\/p>\n","protected":false},"excerpt":{"rendered":"<div class=\"tmnf_excerpt\"><p>Die Point Alpha-Gemeinde Rasdorf hat sich viel vorgenommen. Erstmalig findet am historischen Anger im Mittelpunkt des Dorfes am Sonntag, den 8. Oktober 2017 ein Aktionstag E-Mobilit\u00e4t statt. Von 11.00 bis 18.00 Uhr steht Rasdorf ganz im Zeichen der E-Mobilit\u00e4t. Rechtzeitig fertig gestellt wurden auch die neuen Lades\u00e4ulen f\u00fcr E-Pkws und E-Bikes. \u00dcber 20 Aussteller von &hellip;<\/p>\n<\/div>","protected":false},"author":1,"featured_media":0,"comment_status":"closed","ping_status":"closed","sticky":false,"template":"","format":"standard","meta":{"footnotes":""},"categories":[1],"tags":[],"class_list":["post-168344","post","type-post","status-publish","format-standard","hentry","category-startseite"],"_links":{"self":[{"href":"https:\/\/www.fuldaernachrichten.de\/index.php?rest_route=\/wp\/v2\/posts\/168344","targetHints":{"allow":["GET"]}}],"collection":[{"href":"https:\/\/www.fuldaernachrichten.de\/index.php?rest_route=\/wp\/v2\/posts"}],"about":[{"href":"https:\/\/www.fuldaernachrichten.de\/index.php?rest_route=\/wp\/v2\/types\/post"}],"author":[{"embeddable":true,"href":"https:\/\/www.fuldaernachrichten.de\/index.php?rest_route=\/wp\/v2\/users\/1"}],"replies":[{"embeddable":true,"href":"https:\/\/www.fuldaernachrichten.de\/index.php?rest_route=%2Fwp%2Fv2%2Fcomments&post=168344"}],"version-history":[{"count":1,"href":"https:\/\/www.fuldaernachrichten.de\/index.php?rest_route=\/wp\/v2\/posts\/168344\/revisions"}],"predecessor-version":[{"id":168356,"href":"https:\/\/www.fuldaernachrichten.de\/index.php?rest_route=\/wp\/v2\/posts\/168344\/revisions\/168356"}],"wp:attachment":[{"href":"https:\/\/www.fuldaernachrichten.de\/index.php?rest_route=%2Fwp%2Fv2%2Fmedia&parent=168344"}],"wp:term":[{"taxonomy":"category","embeddable":true,"href":"https:\/\/www.fuldaernachrichten.de\/index.php?rest_route=%2Fwp%2Fv2%2Fcategories&post=168344"},{"taxonomy":"post_tag","embeddable":true,"href":"https:\/\/www.fuldaernachrichten.de\/index.php?rest_route=%2Fwp%2Fv2%2Ftags&post=168344"}],"curies":[{"name":"wp","href":"https:\/\/api.w.org\/{rel}","templated":true}]}}