{"id":168343,"date":"2017-10-05T08:07:17","date_gmt":"2017-10-05T06:07:17","guid":{"rendered":"http:\/\/www.fuldaer-nachrichten.de\/?p=168343"},"modified":"2017-10-05T08:07:17","modified_gmt":"2017-10-05T06:07:17","slug":"vortrag-ich-tauge-zu-nichts-weniger-als-zu-einem-moench-fruehe-reformation-und-bauernaufstand-im-fuldaer-land","status":"publish","type":"post","link":"https:\/\/www.fuldaernachrichten.de\/?p=168343","title":{"rendered":"Vortrag: \u201eIch tauge zu nichts weniger als zu einem M\u00f6nch\u201c. Fr\u00fche Reformation und Bauernaufstand im Fuldaer Land"},"content":{"rendered":"<p>Der Fuldaer Geschichtsverein l\u00e4dt ein zu einem Vortrag am 5. Oktober 2017, 19.00 Uhr, in das Forum Kanzlerpalais, Unterm Heilig Kreuz 1, 36037 Fulda\u00e2\u20ac\u00a8Referent: Prof. Dr. Wolfgang Breul<br \/>\nEine evangelische Gemeinde gab es in Fulda nicht erst seit 1803. Bereits im 16. Jahrhundert war die Stadt f\u00fcr einige Jahrzehnte \u00fcberwiegend evangelisch. Der Vortrag schildert die Anf\u00e4nge dieser Entwicklung, die fr\u00fche evangelische Predigt in Fulda und den Bauernaufstand. Adam Krafft, der aus einer angesehenen Fuldaer B\u00fcrgerfamilie stammte und sp\u00e4ter in der Landgrafschaft Hessen zu einem der f\u00fchrenden Theologen wurde, war der herausragende Vertreter unter den fr\u00fchen evangelischen Predigern im Buchenland. Aber auch die Fuldaer Regenten dieser Jahre, Hartmann von Kirchberg und Johann von Henneberg, und ihr Verhalten zur reformatorischen Bewegung werden thematisiert werden.<br \/>\nWolfgang Breul lehrt Kirchengeschichte an der Johannes Gutenberg-Universit\u00e4t Mainz.<\/p>\n","protected":false},"excerpt":{"rendered":"<div class=\"tmnf_excerpt\"><p>Der Fuldaer Geschichtsverein l\u00e4dt ein zu einem Vortrag am 5. Oktober 2017, 19.00 Uhr, in das Forum Kanzlerpalais, Unterm Heilig Kreuz 1, 36037 Fulda\u00e2\u20ac\u00a8Referent: Prof. Dr. Wolfgang Breul Eine evangelische Gemeinde gab es in Fulda nicht erst seit 1803. Bereits im 16. Jahrhundert war die Stadt f\u00fcr einige Jahrzehnte \u00fcberwiegend evangelisch. Der Vortrag schildert die &hellip;<\/p>\n<\/div>","protected":false},"author":1,"featured_media":0,"comment_status":"closed","ping_status":"closed","sticky":false,"template":"","format":"standard","meta":{"footnotes":""},"categories":[1],"tags":[],"class_list":["post-168343","post","type-post","status-publish","format-standard","hentry","category-startseite"],"_links":{"self":[{"href":"https:\/\/www.fuldaernachrichten.de\/index.php?rest_route=\/wp\/v2\/posts\/168343","targetHints":{"allow":["GET"]}}],"collection":[{"href":"https:\/\/www.fuldaernachrichten.de\/index.php?rest_route=\/wp\/v2\/posts"}],"about":[{"href":"https:\/\/www.fuldaernachrichten.de\/index.php?rest_route=\/wp\/v2\/types\/post"}],"author":[{"embeddable":true,"href":"https:\/\/www.fuldaernachrichten.de\/index.php?rest_route=\/wp\/v2\/users\/1"}],"replies":[{"embeddable":true,"href":"https:\/\/www.fuldaernachrichten.de\/index.php?rest_route=%2Fwp%2Fv2%2Fcomments&post=168343"}],"version-history":[{"count":1,"href":"https:\/\/www.fuldaernachrichten.de\/index.php?rest_route=\/wp\/v2\/posts\/168343\/revisions"}],"predecessor-version":[{"id":168348,"href":"https:\/\/www.fuldaernachrichten.de\/index.php?rest_route=\/wp\/v2\/posts\/168343\/revisions\/168348"}],"wp:attachment":[{"href":"https:\/\/www.fuldaernachrichten.de\/index.php?rest_route=%2Fwp%2Fv2%2Fmedia&parent=168343"}],"wp:term":[{"taxonomy":"category","embeddable":true,"href":"https:\/\/www.fuldaernachrichten.de\/index.php?rest_route=%2Fwp%2Fv2%2Fcategories&post=168343"},{"taxonomy":"post_tag","embeddable":true,"href":"https:\/\/www.fuldaernachrichten.de\/index.php?rest_route=%2Fwp%2Fv2%2Ftags&post=168343"}],"curies":[{"name":"wp","href":"https:\/\/api.w.org\/{rel}","templated":true}]}}